{"id":185430,"date":"2018-06-28T10:05:46","date_gmt":"2018-06-28T08:05:46","guid":{"rendered":"https:\/\/mediarun.com\/pl\/?p=185430"},"modified":"2018-06-28T10:05:46","modified_gmt":"2018-06-28T08:05:46","slug":"byly-rzecznik-bialego-domu-szykuje-wlasny-talk-show","status":"publish","type":"post","link":"https:\/\/mediarun.com\/pl\/media\/byly-rzecznik-bialego-domu-szykuje-wlasny-talk-show.html","title":{"rendered":"By\u0142y rzecznik Bia\u0142ego Domu szykuje w\u0142asny TALK SHOW"},"content":{"rendered":"<h2><strong>By\u0142y rzecznik Bia\u0142ego Domu, kt\u00f3ry do po\u0142owy 2017 roku sprawowa\u0142 funkcj\u0119 szefa komunikacji w administracji Donalda Trumpa b\u0119dzie mia\u0142 w\u0142asny talk show.<\/strong><\/h2>\n<p>&nbsp;<\/p>\n<p><strong>Sean Spicer<\/strong> stworzy program zatytu\u0142owany \u201e<strong>Sean Spicer\u2019s Common Ground<\/strong>\u201d. G\u0142\u00f3wnym zamys\u0142em jest prowadzenie przez gospodarza swobodnych rozm\u00f3w z go\u015b\u0107mi na aktualne tematy.<\/p>\n<p>Warto jednak doda\u0107, \u017ce jak na razie talk show jest dopiero w fazie przygotowywania pilota, natomiast <strong>Sean Spicer<\/strong> nie ma umowy z \u017cadn\u0105 ze stacji telewizyjnych.<\/p>\n<h2><strong>Sean Spicer w Bia\u0142ym Domu<\/strong><\/h2>\n<p><strong>Sean Spicer<\/strong> obj\u0105\u0142 funkcj\u0119 rzecznika prasowego <strong>Bia\u0142ego Domu<\/strong> pod koniec grudnia 2016 roku, a ju\u017c dwa dni p\u00f3\u017aniej zosta\u0142 dyrektorem komunikacji, tu\u017c po tym jak zrezygnowa\u0142 z niej <strong>Jason Miller<\/strong>.<\/p>\n<p><strong>Spicer<\/strong> jako rzecznik administracji <strong>Donalda Trumpa<\/strong> nie wytrwa\u0142 jednak d\u0142ugo. W lipcu 2017 roku odszed\u0142 ze stanowiska,\u00a0 gdy\u017c nie zgadza\u0142 si\u0119 z zatrudnieniem <strong>Anthony Scaramucciego<\/strong>, jako szefa komunikacji Bia\u0142ego Domu.<\/p>\n<h2><strong>Premiera \u201eSean Spicer\u2019s Common Ground\u201d<\/strong><\/h2>\n<p>Wed\u0142ug informacji podanych w \u201e<strong>The New York Times<\/strong>\u201d Sean Spicer rozpocz\u0105\u0142 przygotowania do realizacji w\u0142asnego programu telewizyjnego. B\u0119dzie to talk show zatytu\u0142owany \u201e<strong>Sean Spicer\u2019s Common Ground<\/strong>\u201d, w kt\u00f3rym <strong>Spicer<\/strong> podejmie si\u0119 rozm\u00f3w z zaproszonymi go\u015b\u0107mi. Jako sceneri\u0119 wybrano puby i restauracje, na gdzie prowadz\u0105cy ma prowadzi\u0107 konwersacj\u0119 na aktualne tematy interesuj\u0105ce Amerykan\u00f3w z osobami uwa\u017canymi za wa\u017cne i interesuj\u0105ce przez widz\u00f3w.<\/p>\n<p>Pilota\u017cowy odcinek \u201e<strong>Sean Spicer\u2019s Common Ground<\/strong>\u201d ma ruszy\u0107 <strong>na pocz\u0105tku lipca 2018 roku<\/strong>, we wsp\u00f3\u0142pracy z dwiema firmami &#8211; <strong>Debmar-Mercury<\/strong> i <strong>Pilgrim Media<\/strong>.<\/p>\n","protected":false},"excerpt":{"rendered":"By\u0142y rzecznik Bia\u0142ego Domu, kt\u00f3ry do po\u0142owy 2017 roku sprawowa\u0142 funkcj\u0119 szefa komunikacji w administracji Donalda Trumpa b\u0119dzie&hellip;","protected":false},"author":49,"featured_media":185432,"comment_status":"open","ping_status":"closed","sticky":false,"template":"","format":"standard","meta":{"csco_display_header_overlay":false,"csco_singular_sidebar":"","csco_page_header_type":"","csco_page_load_nextpost":"","csco_post_video_location":[],"csco_post_video_location_hash":"","csco_post_video_url":"","csco_post_video_bg_start_time":0,"csco_post_video_bg_end_time":0,"footnotes":""},"categories":[9668,9677],"tags":[12302,12300,12301,12299,6648],"class_list":{"0":"post-185430","1":"post","2":"type-post","3":"status-publish","4":"format-standard","5":"has-post-thumbnail","7":"category-media","8":"category-ludzie","9":"tag-bialy-dom","10":"tag-debmar-mercury","11":"tag-pilgrim-media","12":"tag-sean-spicer","13":"tag-the-new-york-times","14":"cs-entry","15":"cs-video-wrap"},"_links":{"self":[{"href":"https:\/\/mediarun.com\/pl\/wp-json\/wp\/v2\/posts\/185430","targetHints":{"allow":["GET"]}}],"collection":[{"href":"https:\/\/mediarun.com\/pl\/wp-json\/wp\/v2\/posts"}],"about":[{"href":"https:\/\/mediarun.com\/pl\/wp-json\/wp\/v2\/types\/post"}],"author":[{"embeddable":true,"href":"https:\/\/mediarun.com\/pl\/wp-json\/wp\/v2\/users\/49"}],"replies":[{"embeddable":true,"href":"https:\/\/mediarun.com\/pl\/wp-json\/wp\/v2\/comments?post=185430"}],"version-history":[{"count":0,"href":"https:\/\/mediarun.com\/pl\/wp-json\/wp\/v2\/posts\/185430\/revisions"}],"wp:featuredmedia":[{"embeddable":true,"href":"https:\/\/mediarun.com\/pl\/wp-json\/wp\/v2\/media\/185432"}],"wp:attachment":[{"href":"https:\/\/mediarun.com\/pl\/wp-json\/wp\/v2\/media?parent=185430"}],"wp:term":[{"taxonomy":"category","embeddable":true,"href":"https:\/\/mediarun.com\/pl\/wp-json\/wp\/v2\/categories?post=185430"},{"taxonomy":"post_tag","embeddable":true,"href":"https:\/\/mediarun.com\/pl\/wp-json\/wp\/v2\/tags?post=185430"}],"curies":[{"name":"wp","href":"https:\/\/api.w.org\/{rel}","templated":true}]}}