{"id":185213,"date":"2018-06-12T10:50:24","date_gmt":"2018-06-12T08:50:24","guid":{"rendered":"https:\/\/mediarun.com\/pl\/?p=185213"},"modified":"2018-06-12T11:09:43","modified_gmt":"2018-06-12T09:09:43","slug":"ikea-chiny-ma-nowego-prezesa","status":"publish","type":"post","link":"https:\/\/mediarun.com\/pl\/ludzie\/awanse\/ikea-chiny-ma-nowego-prezesa.html","title":{"rendered":"IKEA Chiny ma nowego polskiego prezesa"},"content":{"rendered":"<p>By\u0142y prezes <strong>IKEA Retail<\/strong> obejmie fotel prezesa IKEA w Chinach. Dotychczasowe obowi\u0105zki na tym stanowisku tymczasowo przejmie jeden z cz\u0142onk\u00f3w zarz\u0105du.<\/p>\n<p><strong>Anna Pawlak-Kuliga<\/strong> nowym prezesem IKEA w Chinach. Tymczasowo zast\u0105pi j\u0105 <strong>Iwona Szcz\u0119ka<\/strong>.<\/p>\n<h2><strong>Do\u015bwiadczenie<\/strong><\/h2>\n<ul>\n<li>Anna Pawlak-Kuliga ma wieloletnie do\u015bwiadczenie we wsp\u00f3\u0142pracy z firm\u0105 IKEA.<\/li>\n<li>W 2008 roku zajmowa\u0142a si\u0119 nawigowaniem biznesu dla IKEA w Wielkiej Brytanii.<\/li>\n<li>W 2012 roku, w Polsce, do\u0142\u0105czy\u0142a do zarz\u0105du IKEA Retail, a rok p\u00f3\u017aniej obj\u0119\u0142a stanowisko wiceprezesa. Zasiada w zarz\u0105dzie sp\u00f3\u0142ki IKEA Property, a tak\u017ce w radzie nadzorczej IKEA Distribution na Europ\u0119 po\u0142udniowo-wschodni\u0105 oraz radzie nadzorczej IKEA Centers Polska.<\/li>\n<li>Jako lider IKEA Retail Polska stan\u0119\u0142a we wrze\u015bniu 2016 roku.<\/li>\n<\/ul>\n<h4><strong>\u201ePolski zesp\u00f3\u0142 ma sw\u00f3j wk\u0142ad w to, \u017ceby IKEA by\u0142a firm\u0105 zr\u00f3wnowa\u017con\u0105, przyjazn\u0105 \u015brodowisku i ludziom. Chcemy by\u0107 prekursorem powa\u017cnego podej\u015bcia biznesu do gospodarki obiegu zamkni\u0119tego. A wszystko to przy utrzymaniu sta\u0142ego, dwucyfrowego wzrostu sprzeda\u017cy.\u201d &#8211; wypowiada si\u0119 Anna Pawlak-Kuliga.<\/strong><\/h4>\n<h2><strong>O IKEA<\/strong><\/h2>\n<p><strong>IKEA<\/strong> to przedsi\u0119biorstwo zajmuj\u0105ce si\u0119 g\u0142\u00f3wnie sprzeda\u017c\u0105 detaliczn\u0105 oraz produkcj\u0105 mebli, a tak\u017ce artyku\u0142\u00f3w dekoracyjnych. Zosta\u0142o za\u0142o\u017cone przez <strong>Ingvara Kamprada<\/strong> w 1943.<\/p>\n","protected":false},"excerpt":{"rendered":"By\u0142y prezes IKEA Retail obejmie fotel prezesa IKEA w Chinach. Dotychczasowe obowi\u0105zki na tym stanowisku tymczasowo przejmie jeden&hellip;","protected":false},"author":49,"featured_media":185214,"comment_status":"open","ping_status":"closed","sticky":false,"template":"","format":"standard","meta":{"csco_display_header_overlay":false,"csco_singular_sidebar":"","csco_page_header_type":"","csco_page_load_nextpost":"","csco_post_video_location":[],"csco_post_video_location_hash":"","csco_post_video_url":"","csco_post_video_bg_start_time":0,"csco_post_video_bg_end_time":0,"footnotes":""},"categories":[9678],"tags":[12250,171,12249,12251,12252],"class_list":{"0":"post-185213","1":"post","2":"type-post","3":"status-publish","4":"format-standard","5":"has-post-thumbnail","7":"category-awanse","8":"tag-anna-pawlak-kuliga","9":"tag-ikea","10":"tag-ikea-chiny","11":"tag-ikea-retail","12":"tag-iwona-szczeka","13":"cs-entry","14":"cs-video-wrap"},"_links":{"self":[{"href":"https:\/\/mediarun.com\/pl\/wp-json\/wp\/v2\/posts\/185213","targetHints":{"allow":["GET"]}}],"collection":[{"href":"https:\/\/mediarun.com\/pl\/wp-json\/wp\/v2\/posts"}],"about":[{"href":"https:\/\/mediarun.com\/pl\/wp-json\/wp\/v2\/types\/post"}],"author":[{"embeddable":true,"href":"https:\/\/mediarun.com\/pl\/wp-json\/wp\/v2\/users\/49"}],"replies":[{"embeddable":true,"href":"https:\/\/mediarun.com\/pl\/wp-json\/wp\/v2\/comments?post=185213"}],"version-history":[{"count":0,"href":"https:\/\/mediarun.com\/pl\/wp-json\/wp\/v2\/posts\/185213\/revisions"}],"wp:featuredmedia":[{"embeddable":true,"href":"https:\/\/mediarun.com\/pl\/wp-json\/wp\/v2\/media\/185214"}],"wp:attachment":[{"href":"https:\/\/mediarun.com\/pl\/wp-json\/wp\/v2\/media?parent=185213"}],"wp:term":[{"taxonomy":"category","embeddable":true,"href":"https:\/\/mediarun.com\/pl\/wp-json\/wp\/v2\/categories?post=185213"},{"taxonomy":"post_tag","embeddable":true,"href":"https:\/\/mediarun.com\/pl\/wp-json\/wp\/v2\/tags?post=185213"}],"curies":[{"name":"wp","href":"https:\/\/api.w.org\/{rel}","templated":true}]}}