{"id":184638,"date":"2018-05-14T12:21:47","date_gmt":"2018-05-14T10:21:47","guid":{"rendered":"https:\/\/mediarun.com\/pl\/?p=184638"},"modified":"2018-05-14T12:21:47","modified_gmt":"2018-05-14T10:21:47","slug":"kazar-zmiany-na-stanowisku-globalnego-dyrektora-marketingu","status":"publish","type":"post","link":"https:\/\/mediarun.com\/pl\/marketing\/kazar-zmiany-na-stanowisku-globalnego-dyrektora-marketingu.html","title":{"rendered":"KAZAR &#8211; zmiany na stanowisku Globalnego Dyrektora Marketingu"},"content":{"rendered":"<h2>Firma obuwnicza Kazar na nowego Globalnego Dyrektora Marketingu awansowa\u0142a by\u0142ego Dyrektorem Marketingu w firmie OTCF.<\/h2>\n<p><strong>Mona Kinal<\/strong> b\u0119dzie mia\u0142a okazj\u0119 wsp\u00f3\u0142pracowa\u0107 z firm\u0105 <strong>Kazar<\/strong>, na stanowisku <strong>Globalnego Dyrektora Marketingu<\/strong>. Na powierzonym stanowisku b\u0119dzie mog\u0142a wykorzysta\u0107 wiedz\u0119, przez lata nabyt\u0105 w firmie <strong>OTCF<\/strong>.<\/p>\n<h2>Nowe obowi\u0105zki<\/h2>\n<p>Kluczowymi obowi\u0105zkami <strong>Mony Kinal<\/strong> s\u0105 mi\u0119dzy innymi:<\/p>\n<ul>\n<li>Definiowanie, tworzenie i zarz\u0105dzanie w pe\u0142ni zintegrowanymi strategiami marketingowymi marki i planami dla firmy Kazar w Polsce, wraz z opracowywaniem skutecznych strategii rynkowych i plan\u00f3w aktywizacji dla biznesu na arenie mi\u0119dzynarodowej<\/li>\n<li>Zarz\u0105dzanie mark\u0105 i kreatywna komunikacja marketingowa 360 w tym innowacyjne i wp\u0142ywowe kampanie B2C i B2B prowadzone w celu stworzenia &#8222;marki mi\u0142o\u015bci&#8221;, \u015bwiadomo\u015bci, wydajno\u015bci, ruchu, sprzeda\u017cy, zaanga\u017cowania klient\u00f3w za po\u015brednictwem ATL, BTL, PR, cyfrowego, we wsp\u00f3\u0142pracy z influencerami, przy jednoczesnym zapewnieniu sp\u00f3jno\u015bci we wszystkich kana\u0142ach<\/li>\n<li>Prowadzenie strategii sprzeda\u017cy na g\u0142\u00f3wnych kana\u0142ach (w tym w handlu elektronicznym, handlu detalicznym, handlu hurtowym) wraz z rozwojem mo\u017cliwo\u015bci partnerstwa<\/li>\n<li>PR \/ komunikacji korporacyjnej<\/li>\n<li>Kreatywna strategia i kierunek sztuki &#8211; w tym. CI, opowiadanie historii, tworzenie kreatywnych tre\u015bci (wszystkie rodzaje sesji marketingowych, AV, kluczowe wizualizacje, p\u0142atne aktywa itp.), zarz\u0105dzanie studiem fotograficznym<\/li>\n<li>Komunikacja cyfrowa \/ media spo\u0142eczno\u015bciowe<\/li>\n<li>Handel marketingowy w\u0142\u0105cznie Komunikacja w sklepie (wy\u015bwietlacze okien, POS \/ VM)<\/li>\n<li>Zarz\u0105dzanie bud\u017cetem, badania, analityka<\/li>\n<li>Zarz\u0105dzanie zespo\u0142em, zarz\u0105dzanie agencj\u0105<\/li>\n<\/ul>\n<h2>Do\u015bwiadczenie<\/h2>\n<p>Od sierpnia 2015 roku by\u0142a <strong>Dyrektorem Marketingu<\/strong> w firmie <strong>OTCF<\/strong>, do kt\u00f3rej nale\u017cy marka <strong>4F<\/strong>. Jej zakres obowi\u0105zk\u00f3w obejmowa\u0142:<\/p>\n<ul>\n<li>Stworzenie i realizacj\u0119 kompleksowej, zintegrowanej strategii dla marki 4F, 4F Junior oraz konceptu multibrandowego 4Faces w Polsce oraz na rynkach zagranicznych (ekspansja mi\u0119dzynarodowa)<\/li>\n<li>Komunikacj\u0119 marketingow\u0105 360 stopni obejmuj\u0105ca innowacyjne, efektywne kampanie konsumenckie maj\u0105ce na celu zbudowanie \u2018love brand\u2019, wzrost \u015bwiadomo\u015bci marki, zaanga\u017cowanie klient\u00f3w, sprzeda\u017c i ruch w sklepach, promocje produkt\u00f3w, kolekcji oraz kategorii poprzez dzia\u0142ania z zakresu ATL, BTL, PR, komunikacji online oraz mobile, jak r\u00f3wnie\u017c we wsp\u00f3\u0142pracy z liderami opinii (influencer marketing, programy ambasadorskie, etc.)<\/li>\n<li>Trade marketing, w tym aktywne wsparcie sprzeda\u017cy we wszystkich kana\u0142\u0105ch (detal, hurt, ecommerce) poprzez m.in. programy lojalno\u015bciowe, partnerskie, B2B, CRM, akcje specjalne, jak r\u00f3wnie\u017c zarz\u0105dzanie komunikacj\u0105 w sklepach (ekspozycje \/ wystawy, materia\u0142y POS, generowanie ruchu w sklepach, nawigacja i VM)<\/li>\n<li>Strategi\u0119 kreatywn\u0105 i art direction (w tym stworzenie od podstaw ca\u0142o\u015bciowej identyfikacji wizualnej marek 4F oraz 4F Junior, zarz\u0105dzanie zespo\u0142em grafik\u00f3w, koordynacja dzia\u0142a\u0144 studia foto, produkcja tre\u015bci video do wszystkich kana\u0142\u00f3w komunikacji i sprzeda\u017cy)<\/li>\n<li>Zarz\u0105dzanie sklepem i stron\u0105 4f.com.pl pod k\u0105tem kreacji, tre\u015bci, przekazu, wsparcia sprzeda\u017cy<\/li>\n<li>Projekty specjalne, w tym eventy (np. kontraktacje, pokaz AW2015\/16, pokazy polskiej, serbskiej I \u0142otewskiej kolekcji olimpijskiej na IO RIO2016 w Warszawie, Rydze i Belgradzie), organizacja ekspozycji na mi\u0119dzynarodowych targach oraz wydarzeniach bran\u017cowych (np. SIA w Denver \/ USA, ISPO w Monachium czy MAPIC w Cannes), stworzenie i promocja ci\u0119\u017car\u00f3wki 4F<\/li>\n<li>Research, wsp\u00f3\u0142praca z agencjami badawczymi oraz monitoring i analiza danych rynkowych, marketingowych, sprzeda\u017cowych<\/li>\n<li>Zarz\u0105dzanie bud\u017cetem<\/li>\n<li>Zarz\u0105dzanie zespo\u0142em (20 os\u00f3b), koordynacja dzia\u0142a\u0144 agencji na 5 rynkach<\/li>\n<\/ul>\n<p>W latach 2012-2016 zarz\u0105dza\u0142a w\u0142asn\u0105 agencj\u0105 marketingow\u0105 <strong>Backstage<\/strong>, kt\u00f3ra skupia\u0142a si\u0119 przede wszystkim na bran\u017cy modowej, handlu, FMCG, przemy\u015ble muzycznym i rozrywkowym &#8211; zar\u00f3wno w Polsce, jak i w ca\u0142ej Europie Centralnej.<\/p>\n<p><strong>Mona Kinal<\/strong> by\u0142a szefow\u0105 komunikacji w Viacom International\u00a0 Media Networks, a w latach 2006-2010 jako szefowa komunikacji odpowiada\u0142a w <strong>Discovery Networks Europe<\/strong> za region Europy Centralnej.<\/p>\n","protected":false},"excerpt":{"rendered":"Firma obuwnicza Kazar na nowego Globalnego Dyrektora Marketingu awansowa\u0142a by\u0142ego Dyrektorem Marketingu w firmie OTCF. Mona Kinal b\u0119dzie&hellip;","protected":false},"author":49,"featured_media":184640,"comment_status":"open","ping_status":"closed","sticky":false,"template":"","format":"standard","meta":{"csco_display_header_overlay":false,"csco_singular_sidebar":"","csco_page_header_type":"","csco_page_load_nextpost":"","csco_post_video_location":[],"csco_post_video_location_hash":"","csco_post_video_url":"","csco_post_video_bg_start_time":0,"csco_post_video_bg_end_time":0,"footnotes":""},"categories":[9678,9639],"tags":[5866,3776,8980,12194,5867],"class_list":{"0":"post-184638","1":"post","2":"type-post","3":"status-publish","4":"format-standard","5":"has-post-thumbnail","7":"category-awanse","8":"category-marketing","9":"tag-4f","10":"tag-discovery","11":"tag-kazar","12":"tag-mona-kinal","13":"tag-otcf","14":"cs-entry","15":"cs-video-wrap"},"_links":{"self":[{"href":"https:\/\/mediarun.com\/pl\/wp-json\/wp\/v2\/posts\/184638","targetHints":{"allow":["GET"]}}],"collection":[{"href":"https:\/\/mediarun.com\/pl\/wp-json\/wp\/v2\/posts"}],"about":[{"href":"https:\/\/mediarun.com\/pl\/wp-json\/wp\/v2\/types\/post"}],"author":[{"embeddable":true,"href":"https:\/\/mediarun.com\/pl\/wp-json\/wp\/v2\/users\/49"}],"replies":[{"embeddable":true,"href":"https:\/\/mediarun.com\/pl\/wp-json\/wp\/v2\/comments?post=184638"}],"version-history":[{"count":0,"href":"https:\/\/mediarun.com\/pl\/wp-json\/wp\/v2\/posts\/184638\/revisions"}],"wp:featuredmedia":[{"embeddable":true,"href":"https:\/\/mediarun.com\/pl\/wp-json\/wp\/v2\/media\/184640"}],"wp:attachment":[{"href":"https:\/\/mediarun.com\/pl\/wp-json\/wp\/v2\/media?parent=184638"}],"wp:term":[{"taxonomy":"category","embeddable":true,"href":"https:\/\/mediarun.com\/pl\/wp-json\/wp\/v2\/categories?post=184638"},{"taxonomy":"post_tag","embeddable":true,"href":"https:\/\/mediarun.com\/pl\/wp-json\/wp\/v2\/tags?post=184638"}],"curies":[{"name":"wp","href":"https:\/\/api.w.org\/{rel}","templated":true}]}}