{"id":184619,"date":"2018-05-10T09:46:26","date_gmt":"2018-05-10T07:46:26","guid":{"rendered":"https:\/\/mediarun.com\/pl\/?p=184619"},"modified":"2018-05-10T10:37:32","modified_gmt":"2018-05-10T08:37:32","slug":"tvn-z-nowym-szefem-jim-samples-zastapiony-przez-wiceprezesa-zarzadu-grupy","status":"publish","type":"post","link":"https:\/\/mediarun.com\/pl\/media\/tvn-z-nowym-szefem-jim-samples-zastapiony-przez-wiceprezesa-zarzadu-grupy.html","title":{"rendered":"TVN z nowym Prezesem"},"content":{"rendered":"<h2>TVN i Discovery trafi\u0105 w r\u0119ce Piotra Koryckiego, kt\u00f3ry jak og\u0142oszono, przejmie stanowisko Jima Samplesa i stanie si\u0119 szefem obydwu stacji.<\/h2>\n<p><strong>Piotr Korycki<\/strong> zosta\u0142 powo\u0142any na prezesa i dyrektora zarz\u0105dzaj\u0105cego <strong>TVN<\/strong> i <strong>Discovery<\/strong> w Polsce. Poprzednio TVN by\u0142 zarz\u0105dzany przez <strong>Jima Samplesa<\/strong>, jednak\u017ce ten przechodzi do rady nadzorczej firmy.<\/p>\n<p><strong>W zespole zarz\u0105dzaj\u0105cym TVN i Discovery s\u0105 mi\u0119dzy innymi:<\/strong><\/p>\n<ul>\n<li>Edward Miszczak<\/li>\n<li>Adam Pieczy\u0144ski<\/li>\n<li>Piotr Tyborowicz<\/li>\n<li>Dorota \u017burkowska-Bytner<\/li>\n<li>Maciej Maciejowski<\/li>\n<\/ul>\n<h2>Dlaczego powo\u0142ano wsp\u00f3lny zesp\u00f3\u0142 zarz\u0105dzaj\u0105cy?<\/h2>\n<p>Powo\u0142anie wsp\u00f3lnego zespo\u0142u zarz\u0105dzaj\u0105cego <strong>TVN<\/strong> i <strong>Discovery<\/strong> jest wynikiem tego, \u017ce wraz z pocz\u0105tkiem marca 2018 roku Discovery sfinalizowa\u0142o przej\u0119cie poprzedniego w\u0142a\u015bciciela TVN &#8211; <strong>Scripps Networks Interactive<\/strong>.<\/p>\n<h2>Do\u015bwiadczenie nowego prezesa<\/h2>\n<p>Prezes i dyrektor zarz\u0105dzaj\u0105cy <strong>TVN<\/strong> i <strong>Discovery<\/strong> w Polsce &#8211; <strong>Piotr Korycki<\/strong> z <strong>Grup\u0105 TVN<\/strong> zwi\u0105zany jest od 2003 roku. Na pocz\u0105tku sprawowa\u0142 funkcj\u0119 zast\u0119pcy dyrektora finansowego, a nast\u0119pnie awansowa\u0142 na dyrektora finansowego firmy. W 2011 roku zosta\u0142 cz\u0142onkiem zarz\u0105du <strong>TVN Media<\/strong>, a w 2012 roku zosta\u0142 powo\u0142any do zarz\u0105du <strong>TVN<\/strong>, gdzie przej\u0105\u0142 odpowiedzialno\u015b\u0107 za zakupy programowe Grupy TVN oraz wi\u0119kszo\u015b\u0107 funkcji wsparcia biznesu. W 2015 roku awansowa\u0142 na wiceprezesa zarz\u0105du Grupy TVN.<\/p>\n<p>Na stanowisku prezesa i dyrektora generalnego <strong>TVN Korycki<\/strong> zast\u0105pi\u0142 <strong>Jima Samplesa<\/strong>, kt\u00f3ry od po\u0142owy 2016 roku pe\u0142ni\u0142 t\u0119 funkcje (Scripps Networks Interactive). Jak podano w komunikatach Samples przechodzi do wsp\u00f3lnej rady nadzorczej <strong>TVN<\/strong> i <strong>Discovery<\/strong>. Wraz z <strong>Katarzyn\u0105 Kieli<\/strong>, prezes i dyrektor zarz\u0105dzaj\u0105c\u0105 Discovery w regionie EMEA, b\u0119dzie pracowa\u0142 nad strategi\u0105 i dalsz\u0105 integracj\u0105 dw\u00f3ch wy\u017cej wymienionych firm.<\/p>\n<h4>\u201eTo nowy pocz\u0105tek zar\u00f3wno dla Discovery, jak i dla TVN &#8211; stajemy si\u0119 jedn\u0105 du\u017c\u0105 i siln\u0105 organizacj\u0105, kt\u00f3ra jest w stanie zaoferowa\u0107 swoim widzom i partnerom wi\u0119cej ni\u017c kiedykolwiek. Jestem przekonana, \u017ce Piotr oraz nowy zarz\u0105d wykorzystaj\u0105 ogromny potencja\u0142 polskiego zespo\u0142u.&#8221; &#8211; wypowiada si\u0119 Katarzyna Kieli.<\/h4>\n<h4>\u201eDo procesu integracji podchodzimy bardzo uwa\u017cnie, zwracaj\u0105c uwag\u0119 na silne strony obu organizacji oraz utalentowanych ludzi, kt\u00f3rzy przyczynili si\u0119 do ich dotychczasowego sukcesu. Najbli\u017csze tygodnie po\u015bwi\u0119cimy na wypracowanie wsp\u00f3lnych struktur operacyjnych, kt\u00f3re pozwol\u0105 nam dalej dynamicznie si\u0119 rozwija\u0107 oraz tworzy\u0107 pogramy, kt\u00f3re pokochaj\u0105 widzowie w Polsce i na \u015bwiecie.&#8221; &#8211; komentuje Piotr Korycki.<\/h4>\n<h2>Zesp\u00f3\u0142 Piotra Koryckiego<\/h2>\n<p><strong>W kierowanym przez Koryckiego zespole zarz\u0105dzaj\u0105cym Discovery i TVN znajduj\u0105 si\u0119:<\/strong><\/p>\n<ul>\n<li><strong>Edward Miszczak<\/strong> (poprzednio w TVN) jako wiceprezes, odpowiedzialny za flagowy kana\u0142 TVN, po\u0142\u0105czone portfolio rozrywkowych kana\u0142\u00f3w tematycznych i naziemnych, produkcj\u0119 tre\u015bci programowych, a tak\u017ce, we wsp\u00f3\u0142pracy z Tomaszem Marsza\u0142\u0142em, za marketing i autopromocj\u0119<\/li>\n<li><strong>Adam Pieczy\u0144ski<\/strong> (poprzednio w TVN) w funkcji wiceprezesa, odpowiedzialny za wszystkie kana\u0142y oraz programy informacyjne, w tym r\u00f3wnie\u017c za nowo powsta\u0142\u0105 kom\u00f3rk\u0119 informacji sportowych<\/li>\n<li><strong>Dorota \u017burkowska-Bytner<\/strong> (poprzednio w Discovery) jest odpowiedzialna za Eurosport, krajow\u0105 i mi\u0119dzynarodow\u0105 dystrybucj\u0119 po\u0142\u0105czonego portfolio kana\u0142\u00f3w i produkt\u00f3w, rozw\u00f3j wsp\u00f3\u0142pracy z partnerami w Polsce i za granic\u0105 oraz za zintegrowany obszar bada\u0144<\/li>\n<li><strong>Piotr Tyborowicz<\/strong> (poprzednio w TVN) odpowiada za przychody z tytu\u0142u reklamy, sponsoringu oraz innych rozwi\u0105za\u0144 reklamowych telewizji i segmentu digital dla po\u0142\u0105czonego portfolio, a tak\u017ce za dzia\u0142alno\u015b\u0107 brokersk\u0105 Premium TV<\/li>\n<li><strong>Maciej Maciejowski<\/strong> (poprzednio w TVN) jest odpowiedzialny w ca\u0142o\u015bci za dzia\u0142ania, technologi\u0119 oraz rozw\u00f3j segmentu digital<\/li>\n<li><strong>Rafa\u0142 Ogrodnik<\/strong> (poprzednio w Discovery) odpowiada za finanse, wsparcie biznesu oraz integracj\u0119 obu organizacji<\/li>\n<li><strong>Marek Szyd\u0142owski<\/strong> (poprzednio w TVN) ponosi odpowiedzialno\u015b\u0107 za obszar prawny, compliance oraz bezpiecze\u0144stwo informacji dla obu organizacji<\/li>\n<li><strong>Agnieszka Trys\u0142a<\/strong> (poprzednio w TVN) jest odpowiedzialna za strategi\u0119 kadrow\u0105 dla obu organizacji<\/li>\n<\/ul>\n<p>Opr\u00f3cz <strong>Jima Samplesa<\/strong> w zespole z poprzedniego sk\u0142adu zarz\u0105du <strong>TVN<\/strong> s\u0105 wszystkie osoby.<\/p>\n<p><strong>Warto wspomnie\u0107, \u017ce w radzie nadzorczej Discovery i TVN opr\u00f3cz Katarzyny Kieli i Jima Samplesa s\u0105:<\/strong><\/p>\n<ul>\n<li><strong>Jean-Briac Perrette<\/strong> (prezes Discovery Networks International) jako przewodnicz\u0105cy<\/li>\n<li><strong>Simone Nardi<\/strong> (dyrektor finansowy rynk\u00f3w zagranicznych w Scripps Networks Interactive)<\/li>\n<li><strong>Savalle Sims<\/strong> (EVP i general counsel w Discovery)<\/li>\n<\/ul>\n","protected":false},"excerpt":{"rendered":"TVN i Discovery trafi\u0105 w r\u0119ce Piotra Koryckiego, kt\u00f3ry jak og\u0142oszono, przejmie stanowisko Jima Samplesa i stanie si\u0119&hellip;","protected":false},"author":49,"featured_media":184621,"comment_status":"open","ping_status":"closed","sticky":false,"template":"","format":"standard","meta":{"csco_display_header_overlay":false,"csco_singular_sidebar":"","csco_page_header_type":"","csco_page_load_nextpost":"","csco_post_video_location":[],"csco_post_video_location_hash":"","csco_post_video_url":"","csco_post_video_bg_start_time":0,"csco_post_video_bg_end_time":0,"footnotes":""},"categories":[9678,9668],"tags":[3776,11844,11842,12184,98,4113],"class_list":{"0":"post-184619","1":"post","2":"type-post","3":"status-publish","4":"format-standard","5":"has-post-thumbnail","7":"category-awanse","8":"category-media","9":"tag-discovery","10":"tag-jim-samples","11":"tag-katarzyna-kieli","12":"tag-piotr-korycki","13":"tag-tvn","14":"tag-tvn-media","15":"cs-entry","16":"cs-video-wrap"},"_links":{"self":[{"href":"https:\/\/mediarun.com\/pl\/wp-json\/wp\/v2\/posts\/184619","targetHints":{"allow":["GET"]}}],"collection":[{"href":"https:\/\/mediarun.com\/pl\/wp-json\/wp\/v2\/posts"}],"about":[{"href":"https:\/\/mediarun.com\/pl\/wp-json\/wp\/v2\/types\/post"}],"author":[{"embeddable":true,"href":"https:\/\/mediarun.com\/pl\/wp-json\/wp\/v2\/users\/49"}],"replies":[{"embeddable":true,"href":"https:\/\/mediarun.com\/pl\/wp-json\/wp\/v2\/comments?post=184619"}],"version-history":[{"count":0,"href":"https:\/\/mediarun.com\/pl\/wp-json\/wp\/v2\/posts\/184619\/revisions"}],"wp:featuredmedia":[{"embeddable":true,"href":"https:\/\/mediarun.com\/pl\/wp-json\/wp\/v2\/media\/184621"}],"wp:attachment":[{"href":"https:\/\/mediarun.com\/pl\/wp-json\/wp\/v2\/media?parent=184619"}],"wp:term":[{"taxonomy":"category","embeddable":true,"href":"https:\/\/mediarun.com\/pl\/wp-json\/wp\/v2\/categories?post=184619"},{"taxonomy":"post_tag","embeddable":true,"href":"https:\/\/mediarun.com\/pl\/wp-json\/wp\/v2\/tags?post=184619"}],"curies":[{"name":"wp","href":"https:\/\/api.w.org\/{rel}","templated":true}]}}