{"id":184319,"date":"2018-04-19T11:41:30","date_gmt":"2018-04-19T09:41:30","guid":{"rendered":"https:\/\/mediarun.com\/pl\/?p=184319"},"modified":"2018-04-19T11:41:30","modified_gmt":"2018-04-19T09:41:30","slug":"ikea-we-wspolpracy-z-krzysztofem-zalewskim","status":"publish","type":"post","link":"https:\/\/mediarun.com\/pl\/marketing\/atl\/ikea-we-wspolpracy-z-krzysztofem-zalewskim.html","title":{"rendered":"IKEA we wsp\u00f3\u0142pracy z Krzysztofem Zalewskim"},"content":{"rendered":"<h2>Teledysk do utworu Krzysztofa Zalewskiego, zatytu\u0142owanego \u201ePodr\u00f3\u017cnik\u201d, to wyj\u0105tkowa forma komunikacji tegorocznej kolekcji IKEA SOMMAR.<\/h2>\n<p>Ta niestandardowa wsp\u00f3\u0142praca z artyst\u0105 przedstawia przedmioty codziennego u\u017cytku jako elementy niezwyk\u0142ej instalacji przestrzennej, muzycznej \u2028i choreograficznej. Za powstanie teledysku odpowiada Kolektyw Klips: <strong>Ewa Kaczmarek<\/strong>, <strong>Maciej Domagalski<\/strong> i <strong>Ania Olszewska<\/strong>.<\/p>\n<h4>\u201ePoszukuj\u0105c niekonwencjonalnych metod prezentacji letniej kolekcji, zdecydowali\u015bmy si\u0119 na nawi\u0105zanie wyj\u0105tkowej wsp\u00f3\u0142pracy z Krzysztofem Zalewskim. Seria SOMMAR 2018 inspiruje i zach\u0119ca do spojrzenia na swoje otoczenie \u015bwie\u017cym okiem, dlatego my r\u00f3wnie\u017c postawili\u015bmy sobie wyzwanie, by odej\u015b\u0107 od schemat\u00f3w i niestandardowo zakomunikowa\u0107 nasze produkty. Sta\u0142y si\u0119 one dope\u0142nieniem emocji w wy\u015bpiewanej przez artyst\u0119 historii. Mamy nadziej\u0119, \u017ce wsp\u00f3lnie uda\u0142o nam si\u0119 po\u0142\u0105czy\u0107 przy\u015bwiecaj\u0105ce\u00a0kolekcji idee wraz ze sztuk\u0105, muzyk\u0105 i ta\u0144cem, stanowi\u0105c\u0105 naturalne uzupe\u0142nienie artystycznego \u015bwiata.\u201d &#8211; komentuje Ma\u0142gorzata Jezierska, Specjalista ds. PR IKEA Retail w Polsce.<\/h4>\n<p><iframe src=\"https:\/\/www.youtube.com\/embed\/HgbGIQqQS7c\" width=\"660\" height=\"415\" frameborder=\"0\" allowfullscreen=\"allowfullscreen\"><span data-mce-type=\"bookmark\" style=\"display: inline-block; width: 0px; overflow: hidden; line-height: 0;\" class=\"mce_SELRES_start\">\ufeff<\/span><\/iframe><\/p>\n<p>Wraz z premier\u0105 teledysku rozpocz\u0119\u0142a si\u0119 kampania produktowa wspieraj\u0105ca promocj\u0119 artyku\u0142\u00f3w z letniego asortymentu <strong>IKEA<\/strong>. Od kwietnia na kana\u0142ach social media <strong>IKEA<\/strong> rozpocznie si\u0119 emisja kr\u00f3tkich materia\u0142\u00f3w filmowych, w kt\u00f3rych g\u0142\u00f3wn\u0105 rol\u0119 \u201ezagra\u0142y\u201d artyku\u0142y na balkon, taras czy do ogrodu. Ca\u0142o\u015b\u0107 zosta\u0142a utrzymana w konwencji nawi\u0105zuj\u0105cej do teledysku piosenki \u201e<strong>Podr\u00f3\u017cnik<\/strong>\u201d.<\/p>\n<h4>\u201eTekst do utworu pisa\u0142em kilka lat temu, kiedy nieustannie brakowa\u0142o mi motywacji do dzia\u0142ania i marz\u0105c o \u015bwiatowym \u017cyciu, pozwala\u0142em ucieka\u0107 kolejnym miesi\u0105com oraz latom. \u201ePodr\u00f3\u017cnika\u201d napisa\u0142em dla siebie, by wybudzi\u0107 si\u0119 z letargu i zacz\u0105\u0107 \u017cy\u0107 \u201edzisiaj\u201d. Piosenka ta posiada pewn\u0105 warto\u015b\u0107 terapeutyczn\u0105, gdy\u017c po kilku latach od jej stworzenia spe\u0142niam swoje marzenia i staram si\u0119 wykorzystywa\u0107 ka\u017cdy dzie\u0144. Ju\u017c nie czekam, tylko dzia\u0142am i z tego w\u0142a\u015bnie powodu postanowi\u0142em podzieli\u0107 si\u0119 ni\u0105 z szerszym gronem. Dodatkowo, jako zwolennik niestandardowych kooperacji, ch\u0119tnie zgodzi\u0142em si\u0119 na wsp\u00f3\u0142prac\u0119 z IKEA przy teledysku do tej piosenki.\u201d \u2013 m\u00f3wi artysta.<\/h4>\n<p>Za re\u017cyseri\u0119 teledysku do piosenki \u201e<strong>Podr\u00f3\u017cnik<\/strong>\u201d odpowiada <strong>Ewa Kaczmarek<\/strong>.<\/p>\n<h4>\u201e\u0141\u0105cz\u0105c \u015bwiat muzyki, designu i ta\u0144ca, zaaran\u017cowali\u015bmy magiczn\u0105 podr\u00f3\u017c do wn\u0119trza. To opowie\u015b\u0107 o chwili, w kt\u00f3rej powstawa\u0142 \u201ePodr\u00f3\u017cnik\u201d. O momencie zawieszenia w czasie, zamkni\u0119cia sam na sam ze swoimi my\u015blami. W takiej sytuacji \u015bwiat wok\u00f3\u0142 gubi sw\u00f3j realny kszta\u0142t i porz\u0105dek. Puchnie od s\u0142\u00f3w oraz skojarze\u0144. Faluje w rytm muzyki. Przestrze\u0144 \u2028i znajduj\u0105ce si\u0119 w niej przedmioty codziennego u\u017cytku staj\u0105 si\u0119 no\u015bnikiem emocji \u2028w wy\u015bpiewywanej przez Krzy\u015bka historii. O\u017cywaj\u0105 i prowokuj\u0105, by w ko\u0144cu uwolni\u0107 go do dzia\u0142ania.\u201d \u2013 komentuje Ewa Kaczmarek, re\u017cyserka i autorka scenariusza.<\/h4>\n<p><strong>Krzysztof Zalewski<\/strong> to muzyk, kompozytor, multiinstrumentalista, tek\u015bciarz, uwa\u017cany za jednego z najlepszych wokalist\u00f3w w Polsce. Ostatnia autorska p\u0142yta Zalewskiego to kr\u0105\u017cek \u201eZ\u0141OTO\u201d, za kt\u00f3r\u0105 artysta otrzyma\u0142 3 nominacje do Fryderyka 2017, a p\u0142yta pokry\u0142a si\u0119 z\u0142otem. Odwaga, by sprzeciwia\u0107 si\u0119 szablonowemu my\u015bleniu, jest bliska firmie IKEA, znanej z kolaboracji z nietuzinkowymi osobisto\u015bciami ze \u015bwiata sztuki.<\/p>\n","protected":false},"excerpt":{"rendered":"Teledysk do utworu Krzysztofa Zalewskiego, zatytu\u0142owanego \u201ePodr\u00f3\u017cnik\u201d, to wyj\u0105tkowa forma komunikacji tegorocznej kolekcji IKEA SOMMAR. Ta niestandardowa wsp\u00f3\u0142praca&hellip;","protected":false},"author":49,"featured_media":184320,"comment_status":"open","ping_status":"closed","sticky":false,"template":"","format":"standard","meta":{"csco_display_header_overlay":false,"csco_singular_sidebar":"","csco_page_header_type":"","csco_page_load_nextpost":"","csco_post_video_location":[],"csco_post_video_location_hash":"","csco_post_video_url":"","csco_post_video_bg_start_time":0,"csco_post_video_bg_end_time":0,"footnotes":""},"categories":[9642,11711],"tags":[12110,171,12111,12109],"class_list":{"0":"post-184319","1":"post","2":"type-post","3":"status-publish","4":"format-standard","5":"has-post-thumbnail","7":"category-atl","8":"category-promocja","9":"tag-ewa-kaczmarek","10":"tag-ikea","11":"tag-ikea-sommar","12":"tag-podroznik","13":"cs-entry","14":"cs-video-wrap"},"_links":{"self":[{"href":"https:\/\/mediarun.com\/pl\/wp-json\/wp\/v2\/posts\/184319","targetHints":{"allow":["GET"]}}],"collection":[{"href":"https:\/\/mediarun.com\/pl\/wp-json\/wp\/v2\/posts"}],"about":[{"href":"https:\/\/mediarun.com\/pl\/wp-json\/wp\/v2\/types\/post"}],"author":[{"embeddable":true,"href":"https:\/\/mediarun.com\/pl\/wp-json\/wp\/v2\/users\/49"}],"replies":[{"embeddable":true,"href":"https:\/\/mediarun.com\/pl\/wp-json\/wp\/v2\/comments?post=184319"}],"version-history":[{"count":0,"href":"https:\/\/mediarun.com\/pl\/wp-json\/wp\/v2\/posts\/184319\/revisions"}],"wp:featuredmedia":[{"embeddable":true,"href":"https:\/\/mediarun.com\/pl\/wp-json\/wp\/v2\/media\/184320"}],"wp:attachment":[{"href":"https:\/\/mediarun.com\/pl\/wp-json\/wp\/v2\/media?parent=184319"}],"wp:term":[{"taxonomy":"category","embeddable":true,"href":"https:\/\/mediarun.com\/pl\/wp-json\/wp\/v2\/categories?post=184319"},{"taxonomy":"post_tag","embeddable":true,"href":"https:\/\/mediarun.com\/pl\/wp-json\/wp\/v2\/tags?post=184319"}],"curies":[{"name":"wp","href":"https:\/\/api.w.org\/{rel}","templated":true}]}}