{"id":184114,"date":"2018-04-06T11:42:05","date_gmt":"2018-04-06T09:42:05","guid":{"rendered":"https:\/\/mediarun.com\/pl\/?p=184114"},"modified":"2018-04-06T12:17:42","modified_gmt":"2018-04-06T10:17:42","slug":"69-internautow-nie-ma-pojecia-czym-jest-rodo","status":"publish","type":"post","link":"https:\/\/mediarun.com\/pl\/trendy\/badania\/69-internautow-nie-ma-pojecia-czym-jest-rodo.html","title":{"rendered":"69% internaut\u00f3w nie ma poj\u0119cia czym jest RODO! Szokuj\u0105ce wyniki bada\u0144 Publicis Media"},"content":{"rendered":"<h2>Sonda\u017c zrealizowany na zlecenie Publicis Media zdemaskowa\u0142 niewiedz\u0119 Polak\u00f3w o unijnym rozporz\u0105dzeniu o ochronie danych osobowych RODO. Sprawd\u017a, jak przedstawiaj\u0105 si\u0119 wyniki!<\/h2>\n<p>Prawie <strong>70%<\/strong> polskich internaut\u00f3w nigdy nie s\u0142ysza\u0142o o unijnym rozporz\u0105dzeniu <strong>RODO<\/strong>, kt\u00f3ra w \u017cycie ma wej\u015b\u0107 ju\u017c za miesi\u0105c, bo pod koniec maja 2018 roku. Tylko <strong>8%<\/strong> u\u017cytkownik\u00f3w internetu przyzna\u0142o, \u017ce zapozna\u0142o si\u0119 z nowo zaplanowanymi rozporz\u0105dzeniami. <strong>23%<\/strong> ma \u015bwiadomo\u015b\u0107, \u017ce takie przepisy wejd\u0105 w \u017cycie, ale ich nie zna.<\/p>\n<p>Okazuje si\u0119, \u017ce osoby, kt\u00f3re s\u0142ysza\u0142y o <strong>RODO<\/strong>, mniej przychylnie zgadzaj\u0105 si\u0119 ze zdaniem, \u017ce ich dane w internecie nie s\u0105 bezpieczne. Ponadto maj\u0105 wi\u0119ksz\u0105 \u015bwiadomo\u015b\u0107, w jaki spos\u00f3b firmy wykorzystuj\u0105 ich dane, co w rezultacie bardzo cz\u0119sto ko\u0144czy si\u0119 na tym, \u017ce zdecydowanie cz\u0119\u015bciej nie zgadzaj\u0105 si\u0119 na to, \u017ceby informacje, kt\u00f3re zostawiaj\u0105 w sieci, by\u0142y w jakikolwiek spos\u00f3b wykorzystywane.<\/p>\n<h4>\u201eAdministratorzy danych, informuj\u0105c internaut\u00f3w o zwi\u0105zanych z RODO zmianach w politykach prywatno\u015bci, przys\u0142uguj\u0105cych im prawach, czy prosz\u0105c o zgod\u0119 na przetwarzanie danych osobowych, powinni mie\u0107 \u015bwiadomo\u015b\u0107, \u017ce zdecydowana wi\u0119kszo\u015b\u0107 odbiorc\u00f3w ich komunikat\u00f3w kompletnie nie wie, \u201eo co chodzi\u201d.\u00a0 Dlatego aby nie wywo\u0142a\u0107 reakcji obronnej (\u201eskoro nie rozumiem, to bezpieczniej powiedzie\u0107 nie\u201d), kluczowe b\u0119dzie, aby komunikaty zwi\u0105zane z przetwarzaniem danych by\u0142y przedstawione w przejrzystej, zrozumia\u0142ej dla konsument\u00f3w i \u0142atwo dost\u0119pnej formie. Szum w mediach zwi\u0105zany z RODO, kt\u00f3rego mo\u017cemy si\u0119 spodziewa\u0107 w najbli\u017cszych miesi\u0105cach w zwi\u0105zku ze zbli\u017caj\u0105cym\u00a0 si\u0119 terminem wej\u015bcia przepis\u00f3w w \u017cycie, zwi\u0119kszy \u015bwiadomo\u015b\u0107 RODO w\u015br\u00f3d konsument\u00f3w.\u201d &#8211; wypowiada si\u0119 Anna Sakowicz, chief digital, data &amp; analytics officer w Publicis Media.<\/h4>\n<p>&nbsp;<\/p>\n<p>&nbsp;<\/p>\n<p><img fetchpriority=\"high\" decoding=\"async\" class=\"aligncenter wp-image-184115\" src=\"https:\/\/mediarun.com\/wp-content\/uploads\/2018\/04\/RODO1.png\" alt=\"\" width=\"798\" height=\"446\" title=\"\"><\/p>\n<p>&nbsp;<\/p>\n<p>&nbsp;<\/p>\n<ul>\n<li>Z przeprowadzonego sonda\u017cu wynika, \u017ce w\u015br\u00f3d wszystkich internaut\u00f3w tylko <strong>16%<\/strong> wierzy, \u017ce ich dane w sieci s\u0105 bezpieczne.<\/li>\n<li>Blisko <strong>60%<\/strong> pytanych ma \u015bwiadomo\u015b\u0107, \u017ce informacje pozostawiane w internecie mog\u0105 by\u0107 wykorzystywane.<\/li>\n<li>Jedynie <strong>22%<\/strong> aktywnych u\u017cytkownik\u00f3w internetu deklaruje, \u017ce wyra\u017ca zgod\u0119 na u\u017cycie swoich danych osobowych.<\/li>\n<\/ul>\n<h4>\u201eNasze badania pokazuj\u0105, \u017ce bez rzetelnej edukacji o szerokim spektrum aspekt\u00f3w wykorzystania danych, w tym o benefitach wynikaj\u0105cych mi\u0119dzy innymi z dopasowania proces\u00f3w obs\u0142ugi klienta do jego potrzeb, b\u0119dzie r\u00f3s\u0142 odsetek os\u00f3b nie zgadzaj\u0105cych si\u0119 na to, aby informacje, kt\u00f3re zostawiaj\u0105 w internecie by\u0142y w jakikolwiek spos\u00f3b wykorzystywane. Mo\u017ce si\u0119 to wi\u0105za\u0107 nie tyle z obaw\u0105 o niew\u0142a\u015bciwe ich wykorzystanie i naruszenie zasad prywatno\u015bci, kt\u00f3re b\u0119d\u0105 przez nowe prawo rygorystycznie chronione, ale z cz\u0119stotliwo\u015bci pr\u00f3b nieuzasadnionego pozyskania tych danych, z jak\u0105 konsumenci spotykali si\u0119 do tej pory.\u201d &#8211; komentuje Anna Sakowicz.<\/h4>\n<p>&nbsp;<\/p>\n<p>&nbsp;<\/p>\n<p><img decoding=\"async\" class=\"aligncenter wp-image-184116\" src=\"https:\/\/mediarun.com\/wp-content\/uploads\/2018\/04\/RODO2.png\" alt=\"\" width=\"800\" height=\"447\" title=\"\"><\/p>\n<p>&nbsp;<\/p>\n<p>&nbsp;<\/p>\n<ul>\n<li>Oko\u0142o <strong>60%<\/strong> badanych zdaje sobie spraw\u0119, \u017ce wydawcy i inne firmy gromadz\u0105 ich dane o wyszukiwanych tre\u015bciach online, odwiedzanych serwisach oraz adresach IP.<\/li>\n<li><strong>42%<\/strong> wie, \u017ce ka\u017cdorazowo pozyskiwane s\u0105 ich dane osobowe.<\/li>\n<\/ul>\n<p>&nbsp;<\/p>\n<p>&nbsp;<\/p>\n<p><img decoding=\"async\" class=\"aligncenter wp-image-184117\" src=\"https:\/\/mediarun.com\/wp-content\/uploads\/2018\/04\/RODO3.png\" alt=\"\" width=\"800\" height=\"576\" title=\"\"><\/p>\n","protected":false},"excerpt":{"rendered":"Sonda\u017c zrealizowany na zlecenie Publicis Media zdemaskowa\u0142 niewiedz\u0119 Polak\u00f3w o unijnym rozporz\u0105dzeniu o ochronie danych osobowych RODO. Sprawd\u017a,&hellip;","protected":false},"author":49,"featured_media":145855,"comment_status":"open","ping_status":"closed","sticky":false,"template":"","format":"standard","meta":{"csco_display_header_overlay":false,"csco_singular_sidebar":"","csco_page_header_type":"","csco_page_load_nextpost":"","csco_post_video_location":[],"csco_post_video_location_hash":"","csco_post_video_url":"","csco_post_video_bg_start_time":0,"csco_post_video_bg_end_time":0,"footnotes":""},"categories":[9662,9676,11244],"tags":[3166,9603,52,11147],"class_list":{"0":"post-184114","1":"post","2":"type-post","3":"status-publish","4":"format-standard","5":"has-post-thumbnail","7":"category-badania","8":"category-internet","9":"category-prawo","10":"tag-badania-2","11":"tag-dane-osobowe","12":"tag-publicis","13":"tag-rodo","14":"cs-entry","15":"cs-video-wrap"},"_links":{"self":[{"href":"https:\/\/mediarun.com\/pl\/wp-json\/wp\/v2\/posts\/184114","targetHints":{"allow":["GET"]}}],"collection":[{"href":"https:\/\/mediarun.com\/pl\/wp-json\/wp\/v2\/posts"}],"about":[{"href":"https:\/\/mediarun.com\/pl\/wp-json\/wp\/v2\/types\/post"}],"author":[{"embeddable":true,"href":"https:\/\/mediarun.com\/pl\/wp-json\/wp\/v2\/users\/49"}],"replies":[{"embeddable":true,"href":"https:\/\/mediarun.com\/pl\/wp-json\/wp\/v2\/comments?post=184114"}],"version-history":[{"count":0,"href":"https:\/\/mediarun.com\/pl\/wp-json\/wp\/v2\/posts\/184114\/revisions"}],"wp:featuredmedia":[{"embeddable":true,"href":"https:\/\/mediarun.com\/pl\/wp-json\/wp\/v2\/media\/145855"}],"wp:attachment":[{"href":"https:\/\/mediarun.com\/pl\/wp-json\/wp\/v2\/media?parent=184114"}],"wp:term":[{"taxonomy":"category","embeddable":true,"href":"https:\/\/mediarun.com\/pl\/wp-json\/wp\/v2\/categories?post=184114"},{"taxonomy":"post_tag","embeddable":true,"href":"https:\/\/mediarun.com\/pl\/wp-json\/wp\/v2\/tags?post=184114"}],"curies":[{"name":"wp","href":"https:\/\/api.w.org\/{rel}","templated":true}]}}