{"id":182916,"date":"2017-12-18T09:25:23","date_gmt":"2017-12-18T08:25:23","guid":{"rendered":"https:\/\/mediarun.com\/pl\/?p=182916"},"modified":"2017-12-18T09:25:23","modified_gmt":"2017-12-18T08:25:23","slug":"najwazniejsze-awanse-w-branzy-grudzien-2017-r","status":"publish","type":"post","link":"https:\/\/mediarun.com\/pl\/ludzie\/najwazniejsze-awanse-w-branzy-grudzien-2017-r.html","title":{"rendered":"Najwa\u017cniejsze awanse w bran\u017cy &#8211; grudzie\u0144 2017 r."},"content":{"rendered":"<header class=\"node-header\">\n<div class=\"left\">\n<div class=\"field field-title\">\n<div class=\"field-items\">\n<div class=\"field-item\">\n<h3>1. Aleksandra Chalimoniuk now\u0105 dyrektor ds. komunikacji i PR w polskim oddziale JYSK<\/h3>\n<\/div>\n<\/div>\n<\/div>\n<\/div>\n<div class=\"right\"><\/div>\n<\/header>\n<div class=\"node-content\">\n<div class=\"field field-name-body field-type-text-with-summary field-label-hidden\">\n<div class=\"field-items\">\n<div class=\"field-item even\">\n<p><img fetchpriority=\"high\" decoding=\"async\" class=\"aligncenter wp-image-182917 size-full\" src=\"https:\/\/mediarun.com\/wp-content\/uploads\/2017\/12\/aleksandra_chalimoniuk_jysk.jpg\" alt=\"\" width=\"730\" height=\"270\" title=\"\">Od po\u0142owy listopada 2017 roku Aleksandra Chalimoniuk pe\u0142ni funkcj\u0119 nowej dyrektor ds. komunikacji i public relations w mi\u0119dzynarodowej sieci handlowej JYSK. Jest to nowe stanowisko w strukturach firmy, a jego utworzenie zwi\u0105zane jest z planami komunikacyjnymi JYSK w Polsce.<\/p>\n<p>Do g\u0142\u00f3wnych obowi\u0105zk\u00f3w nowej dyrektor nale\u017cy budowa i realizacja strategii PR oraz dbanie o wizerunek firmy. Dodatkowo, Aleksandra Chalimoniuk odpowiedzialna jest za realizacj\u0119 dzia\u0142a\u0144 employerbrandingowych, m.in. wzmacnianie i rozwijanie wizerunku firmy jako pracodawcy oraz optymalizacj\u0119 proces\u00f3w komunikacji wewn\u0119trznej.<\/p>\n<p>Poprzednio Chalimoniuk pracowa\u0142a w firmie Soko\u0142\u00f3w \u2013 najpierw jako manager ds. PR i komunikacji, a nast\u0119pnie jako dyrektor sp\u00f3\u0142ki ds. PR i komunikacji. Wcze\u015bniej przez kilkana\u015bcie lat zwi\u0105zana by\u0142a z Grup\u0105 TVN, gdzie pracowa\u0142a jako reporterka w programach \u201eProsto z Polski\u201d, \u201eCzarno na bia\u0142ym\u201d oraz \u201ePolska i \u015awiat\u201d. By\u0142a te\u017c wydawc\u0105 Lo\u017cy Prasowej w TVN 24. W Dzie\u0144 Dobry TVN by\u0142a wsp\u00f3\u0142autork\u0105 \u201eSportowcy na emeryturze\u201d oraz autork\u0105 cyklu \u201eTo cud, \u017ce \u017cyj\u0119\u201d. Jest absolwentk\u0105 Wydzia\u0142u Dziennikarstwa i Komunikacji Spo\u0142ecznej na Uniwersytecie Warszawskim oraz studi\u00f3w Zarz\u0105dzanie Innowacj\u0105 \u2013 Design Managment na SWPS. JYSK jest klientem Instytutu Monitorowania Medi\u00f3w.<\/p>\n<header class=\"node-header\">\n<div class=\"left\">\n<div class=\"field field-title\">\n<div class=\"field-items\">\n<div class=\"field-item\">\n<h3>2. Agata Samcik dyrektorem departamentu public relations w PGNiG<\/h3>\n<\/div>\n<\/div>\n<\/div>\n<\/div>\n<div class=\"right\"><\/div>\n<\/header>\n<div class=\"node-content\">\n<div class=\"field field-name-body field-type-text-with-summary field-label-hidden\">\n<div class=\"field-items\">\n<div class=\"field-item even\">\n<p><img decoding=\"async\" class=\"aligncenter wp-image-182918 size-full\" src=\"https:\/\/mediarun.com\/wp-content\/uploads\/2017\/12\/agata_samcik_pgnig.png\" alt=\"\" width=\"730\" height=\"270\" title=\"\">Agata Samcik z pocz\u0105tkiem grudnia 2017 roku obj\u0119\u0142a stanowisko dyrektora departamentu public relations w PGNiG. B\u0119dzie odpowiedzialna za zarz\u0105dzanie komunikacj\u0105 zewn\u0119trzn\u0105 sp\u00f3\u0142ki.<\/p>\n<p>Samcik specjalizuje si\u0119 w komunikacji biznesowej w zakresie\u00a0relacji z rynkiem, instytucjami publicznymi i\u00a0mediami.\u00a0Poprzednio od 2013 r. pracowa\u0142a jako dyrektor ds. relacji z rynkiem i rzecznik prasowy w Towarowej Gie\u0142dzie Energii. W latach 1999-2013 obejmowa\u0142a stanowisko Consulting &amp; Training Director w agencji ComPress, gdzie odpowiada\u0142a za przygotowanie i realizacj\u0119 strategii komunikacji dla klient\u00f3w, prowadzenie szkole\u0144 z zakresu wyst\u0105pie\u0144 medialnych i publicznych oraz komunikacj\u0119 kryzysow\u0105.<\/p>\n<p>W latach 2003-2014 by\u0142a wyk\u0142adowc\u0105 i egzaminatorem w London School of Public Relations (przy Zwi\u0105zku Firm Public Relations).<\/p>\n<p>Jest absolwentk\u0105 Uniwersytetu Ekonomicznego w Poznaniu (publicystyka ekonomiczna i public relations) oraz stypendystk\u0105 rz\u0105du austriackiego na Wirtschaftsuniversitaet w Wiedniu.<\/p>\n<header class=\"node-header\">\n<div class=\"left\">\n<div class=\"field field-title\">\n<div class=\"field-items\">\n<div class=\"field-item\">\n<h3>3. Nesperta wzmacnia zesp\u00f3\u0142 komunikacji<\/h3>\n<\/div>\n<\/div>\n<\/div>\n<div class=\"field field-date\"><\/div>\n<\/div>\n<div class=\"right\">\n<div class=\"field field-comments-count\">\n<div class=\"field-items\">\n<div class=\"field-item\"><img decoding=\"async\" class=\"aligncenter wp-image-182919 size-full\" src=\"https:\/\/mediarun.com\/wp-content\/uploads\/2017\/12\/bartosz_grochal_nesperta.jpg\" alt=\"\" width=\"730\" height=\"270\" title=\"\"><\/div>\n<\/div>\n<\/div>\n<\/div>\n<\/header>\n<div class=\"node-content\">\n<div class=\"field field-name-body field-type-text-with-summary field-label-hidden\">\n<div class=\"field-items\">\n<div class=\"field-item even\">\n<p>Prac\u0119 w firmie Nesperta, do kt\u00f3rej nale\u017cy marka Semilac, pod koniec listopada 2017 roku rozpocz\u0105\u0142 Bartosz Grochal. Jako drugi PR Manager, obok Pauliny Pi\u0105tek, b\u0119dzie odpowiedzialny za komunikacj\u0119 korporacyjn\u0105 i employer branding. Zajmie si\u0119 strategi\u0105 komunikacji, pozycjonowaniem ekspert\u00f3w firmy, relacjami z mediami i wsparciem komunikacji wewn\u0119trznej. B\u0119dzie te\u017c kierowa\u0142 dzia\u0142aniami CSR.<\/p>\n<p>Poprzednio, przez sze\u015b\u0107 lat, Bartosz Grochal pracowa\u0142 w Porcie Lotniczym Pozna\u0144-\u0141awica jako specjalista ds.\u00a0komunikacji spo\u0142ecznej i medialnej. Odpowiada\u0142 tam za relacje inwestorskie oraz zarz\u0105dzanie kryzysowe, w 2015 roku dodatkowo pe\u0142ni\u0142 obowi\u0105zki rzecznika prasowego. Wcze\u015bniej zajmowa\u0142 si\u0119 te\u017c komunikacj\u0105 instytucji kulturalnych \u2013 by\u0142 m.in. odpowiedzialny za strategi\u0119 promocji i dzia\u0142ania media relations Mi\u0119dzynarodowego Festiwalu Film\u00f3w Animowanych ANIMATOR.<\/p>\n<p>Paulina Pi\u0105tek funkcj\u0119 PR Managera w Nespercie pe\u0142ni od p\u00f3\u0142tora roku. Odpowiada za komunikacj\u0119 marki Semilac: relacje z mediami, obecno\u015b\u0107 na wydarzeniach bran\u017cowych, komunikacja dzia\u0142ania zwi\u0105zane z brand awareness, brand recognition i brand extension. W zespole firmy od po\u0142owy 2017 roku pracuje te\u017c Maciej Popio\u0142ek \u2013 specjalista ds. CSR.<\/p>\n<p>Nesperta korzysta z danych Instytutu Monitorowania Medi\u00f3w.<\/p>\n<header class=\"node-header\">\n<div class=\"left\">\n<div class=\"field field-title\">\n<div class=\"field-items\">\n<div class=\"field-item\">\n<h3>4. Saint-Gobain PAM z koordynatorem marki i komunikacji<\/h3>\n<\/div>\n<\/div>\n<\/div>\n<div class=\"field field-date\"><\/div>\n<\/div>\n<div class=\"right\">\n<div class=\"field field-comments-count\">\n<div class=\"field-items\">\n<div class=\"field-item\"><img loading=\"lazy\" decoding=\"async\" class=\"aligncenter wp-image-182920 size-full\" src=\"https:\/\/mediarun.com\/wp-content\/uploads\/2017\/12\/aleksandra_puzyno.jpg\" alt=\"\" width=\"730\" height=\"270\" title=\"\"><\/div>\n<\/div>\n<\/div>\n<\/div>\n<\/header>\n<div class=\"node-content\">\n<div class=\"field field-name-body field-type-text-with-summary field-label-hidden\">\n<div class=\"field-items\">\n<div class=\"field-item even\">\n<p>W grudniu 2017 roku w strukturach Saint-Gobain PAM, firmy oferuj\u0105cej produkty do system\u00f3w wodoci\u0105gowych i\u00a0kanalizacyjnych, utworzono dzia\u0142 marki i komunikacji marketingowej, nad kt\u00f3rym kierownictwo obj\u0119\u0142a Aleksandra Puzyno. Odpowiada za zarz\u0105dzanie komunikacj\u0105 zewn\u0119trzn\u0105, w tym opracowanie jej strategii, budowanie relacji z mediami, wsp\u00f3\u0142prac\u0119 z\u00a0podmiotami zewn\u0119trznymi oraz tworzenie kampanii internetowych i program\u00f3w wsparcia sprzeda\u017cy.<\/p>\n<p>Do tej pory nie by\u0142o wyznaczonej osoby odpowiedzialnej za dzia\u0142ania wizerunkowe Saint-Gobain PAM w Polsce.<\/p>\n<p>Aleksandra Puzyno wcze\u015bniej w strukturach firmy zajmowa\u0142a si\u0119 koordynowaniem program\u00f3w lojalno\u015bciowych, kontaktami z\u00a0mediami i\u00a0PR-em marki ISOVER.<\/p>\n<p>W\u00a0latach 2012-2016 odpowiada\u0142a za dzia\u0142ania media relations oraz projekty komunikacyjne w Grupie Kapita\u0142owej KOPEX. Zainicjowa\u0142a powstanie Grupy Wsp\u00f3lnych Inicjatyw pod robocz\u0105 nazw\u0105 \u201eG\u00f3rnictwo OK\u201d przy wsp\u00f3\u0142pracy z\u00a0Fundacj\u0105 dla\u00a0AGH, Ministerstwem Rozwoju i\u00a0Forum Odpowiedzialnego Biznesu. By\u0142a cz\u0142onkiem grupy roboczej ds. edukacji i\u00a0upowszechniania CSR w\u00a0Polsce przy Ministerstwie Gospodarki. W\u00a0latach 2005-2008 koordynowa\u0142a program konsumencki \u201eLaur Klienta\u201d.<\/p>\n<p>Jest absolwentk\u0105 public relations na Uniwersytecie Ekonomicznym w Katowicach, a tak\u017ce zarz\u0105dzania projektami w Szkole G\u0142\u00f3wnej Handlowej w Warszawie i grafiki wydawniczej i reklamowej w Wy\u017cszej Szkole Technologii Informatycznych w Katowicach.<\/p>\n<h3>5. Agnieszka Wilczy\u0144ska szefow\u0105 marketingu Banku Pekao, przesz\u0142a z BG\u017b BNP Paribas<\/h3>\n<div><img loading=\"lazy\" decoding=\"async\" class=\"aligncenter wp-image-182921 size-full\" src=\"https:\/\/mediarun.com\/wp-content\/uploads\/2017\/12\/AgnieszkaWilczynska-BankPekao655.png\" alt=\"\" width=\"655\" height=\"536\" title=\"\">Agnieszka Wilczy\u0144ska zacz\u0119\u0142a prac\u0119 jako dyrektor departamentu zarz\u0105dzania mark\u0105 w Banku Pekao. Poprzednio pe\u0142ni\u0142a podobn\u0105 funkcj\u0119 w BG\u017b BNP Paribas, a wcze\u015bniej pracowa\u0142a m.in. w bankach BNP Paribas i Fortis oraz w T-Mobile Polska.<\/p>\n<div>Jako dyrektor departamentu zarz\u0105dzania mark\u0105 Agnieszka Wilczy\u0144ska b\u0119dzie odpowiada\u0142a za ca\u0142\u0105 komunikacj\u0119 marketingow\u0105 Banku Pekao. Ma wsp\u00f3\u0142realizowa\u0107 strategi\u0119 biznesow\u0105 banku wyznaczon\u0105 na lata 2018-2020. B\u0119dzie raportowa\u0142a do Beaty Nanasik, dyrektor zarz\u0105dzaj\u0105cej centrum komunikacji, marketingu i bada\u0144 w banku.<\/p>\n<header class=\"node-header\">\n<div class=\"left\">\n<div class=\"field field-title\">\n<div class=\"field-items\">\n<div class=\"field-item\">\n<h3>6. Rafa\u0142 Dro\u017adziak dyrektorem ds. marketingu i komunikacji w Circle K Polska<\/h3>\n<\/div>\n<\/div>\n<\/div>\n<div class=\"field field-date\"><\/div>\n<\/div>\n<div class=\"right\">\n<div class=\"field field-comments-count\">\n<div class=\"field-items\">\n<div class=\"field-item\"><img loading=\"lazy\" decoding=\"async\" class=\"aligncenter wp-image-182922 size-full\" src=\"https:\/\/mediarun.com\/wp-content\/uploads\/2017\/12\/rafal_drozdziak_circle_k.jpg\" alt=\"\" width=\"730\" height=\"270\" title=\"\"><\/div>\n<\/div>\n<\/div>\n<\/div>\n<\/header>\n<div class=\"node-content\">\n<div class=\"field field-name-body field-type-text-with-summary field-label-hidden\">\n<div class=\"field-items\">\n<div class=\"field-item even\">\n<p>Dotychczasowy starszy kierownik ds. produkt\u00f3w paliwowych Rafa\u0142 Dro\u017adziak zosta\u0142 w grudniu 2017 dyrektorem ds. marketingu i komunikacji w Circle K Polska. Zast\u0105pi\u0142 na tym stanowisku Miros\u0142awa Caput\u0119, kt\u00f3ry od tej pory obejmie funkcj\u0119 dyrektora ds. sprzeda\u017cy i dzia\u0142alno\u015bci operacyjnej.<\/p>\n<p>Rafa\u0142 Dro\u017adziak posiada ponad 17-letnie do\u015bwiadczenie w marketingu i komunikacji. W Circle K pracuje od 2006 roku \u2013 przez ten czas odpowiada\u0142 mi\u0119dzy innymi za opracowywanie strategii marketingowych i kampanii promocyjnych oraz wprowadzanie na rynek nowych produkt\u00f3w. Wcze\u015bniej pracowa\u0142 w Bayer HealthCare i Colgate-Palmolive. Jest absolwentem marketingu i zarz\u0105dzania na Uniwersytecie Warszawskim. (mp)<\/p>\n<\/div>\n<\/div>\n<\/div>\n<\/div>\n<\/div>\n<\/div>\n<\/div>\n<\/div>\n<\/div>\n<\/div>\n<footer class=\"node-footer\">\n<div class=\"node-social-info\"><\/div>\n<\/footer>\n<\/div>\n<\/div>\n<\/div>\n<\/div>\n<\/div>\n<\/div>\n<\/div>\n<\/div>\n<p>&nbsp;<\/p>\n<p>&nbsp;<\/p>\n<\/div>\n<\/div>\n<\/div>\n<\/div>\n","protected":false},"excerpt":{"rendered":"1. Aleksandra Chalimoniuk now\u0105 dyrektor ds. komunikacji i PR w polskim oddziale JYSK Od po\u0142owy listopada 2017 roku&hellip;","protected":false},"author":39,"featured_media":136382,"comment_status":"open","ping_status":"closed","sticky":false,"template":"","format":"standard","meta":{"csco_display_header_overlay":false,"csco_singular_sidebar":"","csco_page_header_type":"","csco_page_load_nextpost":"","csco_post_video_location":[],"csco_post_video_location_hash":"","csco_post_video_url":"","csco_post_video_bg_start_time":0,"csco_post_video_bg_end_time":0,"footnotes":""},"categories":[9677,9678],"tags":[11786,1371,4907],"class_list":{"0":"post-182916","1":"post","2":"type-post","3":"status-publish","4":"format-standard","5":"has-post-thumbnail","7":"category-ludzie","8":"category-awanse","9":"tag-circle-k","10":"tag-pgnig","11":"tag-pko","12":"cs-entry","13":"cs-video-wrap"},"_links":{"self":[{"href":"https:\/\/mediarun.com\/pl\/wp-json\/wp\/v2\/posts\/182916","targetHints":{"allow":["GET"]}}],"collection":[{"href":"https:\/\/mediarun.com\/pl\/wp-json\/wp\/v2\/posts"}],"about":[{"href":"https:\/\/mediarun.com\/pl\/wp-json\/wp\/v2\/types\/post"}],"author":[{"embeddable":true,"href":"https:\/\/mediarun.com\/pl\/wp-json\/wp\/v2\/users\/39"}],"replies":[{"embeddable":true,"href":"https:\/\/mediarun.com\/pl\/wp-json\/wp\/v2\/comments?post=182916"}],"version-history":[{"count":0,"href":"https:\/\/mediarun.com\/pl\/wp-json\/wp\/v2\/posts\/182916\/revisions"}],"wp:featuredmedia":[{"embeddable":true,"href":"https:\/\/mediarun.com\/pl\/wp-json\/wp\/v2\/media\/136382"}],"wp:attachment":[{"href":"https:\/\/mediarun.com\/pl\/wp-json\/wp\/v2\/media?parent=182916"}],"wp:term":[{"taxonomy":"category","embeddable":true,"href":"https:\/\/mediarun.com\/pl\/wp-json\/wp\/v2\/categories?post=182916"},{"taxonomy":"post_tag","embeddable":true,"href":"https:\/\/mediarun.com\/pl\/wp-json\/wp\/v2\/tags?post=182916"}],"curies":[{"name":"wp","href":"https:\/\/api.w.org\/{rel}","templated":true}]}}