{"id":182802,"date":"2017-12-07T12:44:39","date_gmt":"2017-12-07T11:44:39","guid":{"rendered":"https:\/\/mediarun.com\/pl\/?p=182802"},"modified":"2017-12-07T12:44:39","modified_gmt":"2017-12-07T11:44:39","slug":"polski-gigant-odziezowy-miedzynarodowym-czempionem-wedlug-pulsu-biznesu","status":"publish","type":"post","link":"https:\/\/mediarun.com\/pl\/wydarzenia\/polski-gigant-odziezowy-miedzynarodowym-czempionem-wedlug-pulsu-biznesu.html","title":{"rendered":"Polski gigant odzie\u017cowy Mi\u0119dzynarodowym Czempionem wed\u0142ug Pulsu Biznesu"},"content":{"rendered":"<p class=\"western\" lang=\"pl-PL\" align=\"center\">\n<h2 class=\"western\" lang=\"pl-PL\" align=\"justify\"><span style=\"font-size: medium;\"><b>5 grudnia 2017 poznali\u015bmy wyniki 6. edycji konkursu \u201ePolska Firma \u2013 Mi\u0119dzynarodowy Czempion\u201d, promuj\u0105cego aktywno\u015b\u0107 polskich firm na \u015bwiatowych rynkach. <\/b><\/span><\/h2>\n<p class=\"western\" lang=\"pl-PL\" align=\"justify\"><span style=\"font-size: medium;\"><b>W\u015br\u00f3d laureat\u00f3w znalaz\u0142o si\u0119 mi\u0119dzy innymi LPP, kt\u00f3re zdoby\u0142o to presti\u017cowe wyr\u00f3\u017cnienie w kategorii \u201eEksporter: Polska Firma Prywatna \u2013 du\u017ce przedsi\u0119biorstwo\u201d. Kapitu\u0142a konkursowa doceni\u0142a konsekwentn\u0105 budow\u0119 globalnej rozpoznawalno\u015bci marki oraz dynamiczn\u0105 ekspansj\u0119 polskiego producenta odzie\u017cy na rynkach zagranicznych. <\/b><\/span><\/p>\n<p class=\"western\" lang=\"pl-PL\" align=\"justify\"><span style=\"font-size: medium;\">W konkursie organizowanym przez redakcj\u0119 Pulsu Biznesu wzi\u0119\u0142o udzia\u0142 blisko 90 firm, kt\u00f3re na co dzie\u0144 buduj\u0105 pozycj\u0119 Polski na arenie mi\u0119dzynarodowej i skutecznie konkuruj\u0105 na zagranicznych rynkach. Organizatorzy konkursu oceniali firmy mi\u0119dzy innymi pod k\u0105tem dynamiki rozwoju. Dzi\u0119ki aktywnej \u015bwiatowej ekspansji LPP SA zosta\u0142o wyr\u00f3\u017cnione w kategorii \u201eEksporter: Polska Firma Prywatna \u2013 du\u017ce przedsi\u0119biorstwo\u201d.<\/span><\/p>\n<p class=\"western\" lang=\"pl-PL\" align=\"justify\">\u2013 <span style=\"font-size: medium;\"><i>Cieszymy si\u0119, \u017ce Kapitu\u0142a doceni\u0142a nasze wysi\u0142ki. Od lat staramy si\u0119 budowa\u0107 globaln\u0105 rozpoznawalno\u015b\u0107 i umacnia\u0107 nasz\u0105 pozycj\u0119 na rynkach zagranicznych. Jeste\u015bmy przekonani, \u017ce jako polski producent odzie\u017cy nie mamy si\u0119 czego wstydzi\u0107 na rynkach zagranicznych. Nasz\u0105 si\u0142\u0105 nap\u0119dow\u0105 jest bez w\u0105tpienia flagowa marka Reserved, kt\u00f3ra w tym roku zadebiutowa\u0142a mi\u0119dzy innymi na presti\u017cowej Oxford Street w Londynie. Rozwijamy si\u0119 tak\u017ce na kolejnych rynkach Europy Centralnej, Wschodniej, Zachodniej, na Ba\u0142kanach oraz Bliskim Wschodzie \u2013 <\/i><\/span><span style=\"font-size: medium;\">m\u00f3wi Przemys\u0142aw Lutkiewicz, Wiceprezes Zarz\u0105du LPP S.A., kt\u00f3ry odbiera\u0142 nagrod\u0119 z r\u0105k kapitu\u0142y konkursu.<\/span><\/p>\n<p class=\"western\" lang=\"pl-PL\" align=\"justify\"><span style=\"font-size: medium;\">O nagrod\u0119 w kategorii \u201eEksporter: Polska Firma Prywatna \u2013 du\u017ce przedsi\u0119biorstwo\u201d ubiega\u0142y si\u0119 firmy, kt\u00f3re na przestrzeni ostatnich 3 lat poprzez inwestycje dynamicznie zwi\u0119ksza\u0142y sprzeda\u017c oraz poszerza\u0142y udzia\u0142 w rynku globalnym. Dodatkowym kryterium pozytywnej oceny by\u0142o tak\u017ce promowanie jako\u015bci polskiej marki na zagranicznych rynkach.<\/span><\/p>\n<p class=\"western\" lang=\"pl-PL\" align=\"justify\">\u2013 <span style=\"font-size: medium;\"><i>Wychodzimy z za\u0142o\u017cenia, \u017ce inwestycje s\u0105 niezb\u0119dne do dalszego rozwoju firmy. Stale zwi\u0119kszamy nak\u0142ady na rozbudow\u0119 sieci detalicznej na rynkach mi\u0119dzynarodowych. Nie zapominamy jednak o wielkim potencjale sektora e-commerce. D\u0105\u017cymy do tego, aby wkr\u00f3tce sklepy online by\u0142y dost\u0119pne na wszystkich rynkach, na kt\u00f3rych posiadamy sie\u0107 stacjonarn\u0105, a dostawy by\u0142y realizowane w ci\u0105gu 24 godzin. Cieszymy si\u0119, \u017ce nasza dzia\u0142alno\u015b\u0107 i\u00a0konsekwencja zosta\u0142y docenione \u2013<\/i><\/span><span style=\"font-size: medium;\"> dodaje Przemys\u0142aw Lutkiewicz.<\/span><\/p>\n<p class=\"western\" lang=\"pl-PL\" align=\"justify\"><a name=\"_GoBack\"><\/a> <span style=\"font-family: Calibri, serif;\"><span style=\"font-size: small;\">_________________________________________________________________________________<\/span><\/span><\/p>\n<p class=\"western\" lang=\"pl-PL\" align=\"justify\"><span style=\"font-family: Calibri, serif;\"><span style=\"font-size: small;\">LPP SA, jest jedn\u0105 z najdynamiczniej rozwijaj\u0105cych si\u0119 firm odzie\u017cowych w regionie Europy \u015arodkowo-Wschodniej. Firma od 26 lat konsekwentnie prowadzi dzia\u0142alno\u015b\u0107 w Polsce i za granic\u0105, odnosz\u0105c sukcesy na wymagaj\u0105cym rynku odzie\u017cowym. LPP SA zarz\u0105dza 5\u00a0markami modowymi: Reserved, Cropp, House, Mohito i\u00a0Sinsay. Firma posiada sie\u0107 niemal 1700 salon\u00f3w sprzeda\u017cy oraz sklepy on-line wszystkich swoich marek i\u00a0tworzy miejsca pracy dla ok. 25 tys. os\u00f3b w biurach i strukturach sprzeda\u017cy w\u00a0Polsce, krajach Europy, Azji i Afryki. Sp\u00f3\u0142ka LPP SA jest notowana na warszawskiej Gie\u0142dzie Papier\u00f3w Warto\u015bciowych w ramach indeksu WIG20 oraz nale\u017cy do presti\u017cowego indeksu MSCI Poland.<\/span><\/span><\/p>\n<p class=\"western\" lang=\"pl-PL\">\n","protected":false},"excerpt":{"rendered":"5 grudnia 2017 poznali\u015bmy wyniki 6. edycji konkursu \u201ePolska Firma \u2013 Mi\u0119dzynarodowy Czempion\u201d, promuj\u0105cego aktywno\u015b\u0107 polskich firm na&hellip;","protected":false},"author":39,"featured_media":182803,"comment_status":"open","ping_status":"closed","sticky":false,"template":"","format":"standard","meta":{"csco_display_header_overlay":false,"csco_singular_sidebar":"","csco_page_header_type":"","csco_page_load_nextpost":"","csco_post_video_location":[],"csco_post_video_location_hash":"","csco_post_video_url":"","csco_post_video_bg_start_time":0,"csco_post_video_bg_end_time":0,"footnotes":""},"categories":[11035,46],"tags":[9394,434,292],"class_list":{"0":"post-182802","1":"post","2":"type-post","3":"status-publish","4":"format-standard","5":"has-post-thumbnail","7":"category-rankingi","8":"category-wydarzenia","9":"tag-lpp","10":"tag-puls-biznesu","11":"tag-reserved","12":"cs-entry","13":"cs-video-wrap"},"_links":{"self":[{"href":"https:\/\/mediarun.com\/pl\/wp-json\/wp\/v2\/posts\/182802","targetHints":{"allow":["GET"]}}],"collection":[{"href":"https:\/\/mediarun.com\/pl\/wp-json\/wp\/v2\/posts"}],"about":[{"href":"https:\/\/mediarun.com\/pl\/wp-json\/wp\/v2\/types\/post"}],"author":[{"embeddable":true,"href":"https:\/\/mediarun.com\/pl\/wp-json\/wp\/v2\/users\/39"}],"replies":[{"embeddable":true,"href":"https:\/\/mediarun.com\/pl\/wp-json\/wp\/v2\/comments?post=182802"}],"version-history":[{"count":0,"href":"https:\/\/mediarun.com\/pl\/wp-json\/wp\/v2\/posts\/182802\/revisions"}],"wp:featuredmedia":[{"embeddable":true,"href":"https:\/\/mediarun.com\/pl\/wp-json\/wp\/v2\/media\/182803"}],"wp:attachment":[{"href":"https:\/\/mediarun.com\/pl\/wp-json\/wp\/v2\/media?parent=182802"}],"wp:term":[{"taxonomy":"category","embeddable":true,"href":"https:\/\/mediarun.com\/pl\/wp-json\/wp\/v2\/categories?post=182802"},{"taxonomy":"post_tag","embeddable":true,"href":"https:\/\/mediarun.com\/pl\/wp-json\/wp\/v2\/tags?post=182802"}],"curies":[{"name":"wp","href":"https:\/\/api.w.org\/{rel}","templated":true}]}}