{"id":182328,"date":"2017-10-18T14:41:29","date_gmt":"2017-10-18T12:41:29","guid":{"rendered":"https:\/\/mediarun.com\/pl\/?p=182328"},"modified":"2017-10-18T14:41:29","modified_gmt":"2017-10-18T12:41:29","slug":"awanse-media-impact-polska","status":"publish","type":"post","link":"https:\/\/mediarun.com\/pl\/ludzie\/kariera\/awanse-media-impact-polska.html","title":{"rendered":"Awanse w Media Impact Polska"},"content":{"rendered":"<h2><strong>Od 1 grudnia 2017 r. Zbigniew Wierzcho\u0142owski pokieruje nowo utworzonym Departamentem Sprzeda\u017cy Regionalnej i SME, a Arkadiusz Ko\u0142odziej obejmie funkcj\u0119 Dyrektora Dzia\u0142u Sprzeda\u017cy Regionalnej.<\/strong><\/h2>\n<p>Od pocz\u0105tku grudnia Zbigniew Wierzcho\u0142owski, dotychczasowy Dyrektor Segmentu SME (\u015arednie i Ma\u0142e Przedsi\u0119biorstwa), obejmie funkcj\u0119 Dyrektora Departamentu Sprzeda\u017cy Regionalnej i SME, nowego departamentu w strukturach Media Impact Polska. Departament b\u0119dzie si\u0119 sk\u0142ada\u0142 z trzech dzia\u0142\u00f3w: Dzia\u0142u\u00a0Sprzeda\u017cy Regionalnej,\u00a0Dzia\u0142u\u00a0Sprzeda\u017cy\u00a0SME oraz Dzia\u0142u\u00a0Telesprzeda\u017cy i Obs\u0142ugi Klienta.<\/p>\n<p>Zbigniew Wierzcho\u0142owski b\u0119dzie odpowiedzialny za rozw\u00f3j i sprzeda\u017c oferty Media Impact Polska dla klient\u00f3w regionalnych oraz dla ma\u0142ych i \u015brednich przedsi\u0119biorstw.<\/p>\n<p>R\u00f3wnie\u017c z pocz\u0105tkiem grudnia, Arkadiusz Ko\u0142odziej przejmie odpowiedzialno\u015b\u0107 za Dzia\u0142 Sprzeda\u017cy Regionalnej i obejmie funkcj\u0119 Dyrektora Dzia\u0142u. Zast\u0105pi na tym stanowisku Bartosza Kwarciaka, kt\u00f3ry postanowi\u0142 odej\u015b\u0107 z Media Impact Polska pod koniec listopada.<\/p>\n<p>Arkadiusz Ko\u0142odziej b\u0119dzie odpowiedzialny za zarz\u0105dzanie zespo\u0142ami sprzeda\u017cy regionalnej oraz wsp\u00f3\u0142tworzenie i realizacj\u0119 strategii sprzeda\u017cy dla ca\u0142ego segmentu.<\/p>\n<p>\u201e<em>Po\u0142\u0105czenie dw\u00f3ch dzia\u0142\u00f3w dzia\u0142aj\u0105cych w regionach jest naturaln\u0105 konsekwencj\u0105 rozwoju dla tego obszaru. To bardzo wa\u017cna cz\u0119\u015b\u0107 naszej dzia\u0142alno\u015bci komercyjnej, ci\u0105gle rozbudowujemy ofert\u0119 zar\u00f3wno dla ma\u0142ych i \u015brednich przedsi\u0119biorstw jak i dla klient\u00f3w regionalnych<\/em>\u201d m\u00f3wi <strong>Mariusz W\u0105si\u0144ski, Wiceprezes Zarz\u0105du Media Impact Polska.<\/strong><\/p>\n<p>Zbigniew Wierzcho\u0142owski jest zwi\u0105zany z Grup\u0105 Onet od sierpnia 2015 roku. Karier\u0119 zawodow\u0105 rozpocz\u0105\u0142 w 2005 roku w Cyfrowym Polsacie, gdzie zajmowa\u0142 stanowiska: kierownika dzia\u0142u dystrybucji, Z-ca Dyrektora Sprzeda\u017cy i Z-ca Dyrektora Marketingu ds. Ofert. W latach 2012-2014 by\u0142 Dyrektorem Departamentu Sprzeda\u017cy Detalicznej w Polkomtelu, a w latach 2014-2015 by\u0142 zatrudniony na stanowisku Dyrektora Sprzeda\u017cy Detalicznej w Cyfrowym Polsacie, gdzie zajmowa\u0142 si\u0119 m.in. restrukturyzacj\u0105 i zarz\u0105dzaniem sieci\u0105 sprzeda\u017cy.<\/p>\n<p>&nbsp;<\/p>\n<p>Arkadiusz Ko\u0142odziej jest zwi\u0105zany z Media Impact Polska od 2014 roku jako Regionalny Kierownik Sprzeda\u017cy odpowiedzialny za wojew\u00f3dztwa: \u015bl\u0105skie, opolskie i \u015bwi\u0119tokrzyskie, a z Grup\u0105 Onet od 2010 roku na stanowiskach Senior Key Account i Regionalny Kierownik Sprzeda\u017cy. W latach 2004-2007 pracowa\u0142 w Telekomunikacji Polskiej (p\u00f3\u017aniej Orange Polska S.A.) jako opiekun klienta biznesowego VIP. Karier\u0119 zawodow\u0105 rozpocz\u0105\u0142 w 2001 roku jako Regionalny Kierownik Sprzeda\u017cy na wojew\u00f3dztwa \u015bl\u0105skie i ma\u0142opolskie w Eniro Polska.<\/p>\n<p>&nbsp;<\/p>\n<p>&nbsp;<\/p>\n<p>&nbsp;<\/p>\n","protected":false},"excerpt":{"rendered":"Od 1 grudnia 2017 r. Zbigniew Wierzcho\u0142owski pokieruje nowo utworzonym Departamentem Sprzeda\u017cy Regionalnej i SME, a Arkadiusz Ko\u0142odziej&hellip;","protected":false},"author":39,"featured_media":170139,"comment_status":"open","ping_status":"closed","sticky":false,"template":"","format":"standard","meta":{"csco_display_header_overlay":false,"csco_singular_sidebar":"","csco_page_header_type":"","csco_page_load_nextpost":"","csco_post_video_location":[],"csco_post_video_location_hash":"","csco_post_video_url":"","csco_post_video_bg_start_time":0,"csco_post_video_bg_end_time":0,"footnotes":""},"categories":[9678,5909],"tags":[3621,252],"class_list":{"0":"post-182328","1":"post","2":"type-post","3":"status-publish","4":"format-standard","5":"has-post-thumbnail","7":"category-awanse","8":"category-kariera","9":"tag-awans","10":"tag-media-impact-polska","11":"cs-entry","12":"cs-video-wrap"},"_links":{"self":[{"href":"https:\/\/mediarun.com\/pl\/wp-json\/wp\/v2\/posts\/182328","targetHints":{"allow":["GET"]}}],"collection":[{"href":"https:\/\/mediarun.com\/pl\/wp-json\/wp\/v2\/posts"}],"about":[{"href":"https:\/\/mediarun.com\/pl\/wp-json\/wp\/v2\/types\/post"}],"author":[{"embeddable":true,"href":"https:\/\/mediarun.com\/pl\/wp-json\/wp\/v2\/users\/39"}],"replies":[{"embeddable":true,"href":"https:\/\/mediarun.com\/pl\/wp-json\/wp\/v2\/comments?post=182328"}],"version-history":[{"count":0,"href":"https:\/\/mediarun.com\/pl\/wp-json\/wp\/v2\/posts\/182328\/revisions"}],"wp:featuredmedia":[{"embeddable":true,"href":"https:\/\/mediarun.com\/pl\/wp-json\/wp\/v2\/media\/170139"}],"wp:attachment":[{"href":"https:\/\/mediarun.com\/pl\/wp-json\/wp\/v2\/media?parent=182328"}],"wp:term":[{"taxonomy":"category","embeddable":true,"href":"https:\/\/mediarun.com\/pl\/wp-json\/wp\/v2\/categories?post=182328"},{"taxonomy":"post_tag","embeddable":true,"href":"https:\/\/mediarun.com\/pl\/wp-json\/wp\/v2\/tags?post=182328"}],"curies":[{"name":"wp","href":"https:\/\/api.w.org\/{rel}","templated":true}]}}