{"id":182266,"date":"2017-10-05T15:13:41","date_gmt":"2017-10-05T13:13:41","guid":{"rendered":"https:\/\/mediarun.com\/pl\/?p=182266"},"modified":"2017-10-05T15:13:41","modified_gmt":"2017-10-05T13:13:41","slug":"nowy-miedzynarodowy-gracz-programmatic-wchodzi-polski","status":"publish","type":"post","link":"https:\/\/mediarun.com\/pl\/ludzie\/kariera\/nowy-miedzynarodowy-gracz-programmatic-wchodzi-polski.html","title":{"rendered":"Nowy mi\u0119dzynarodowy gracz programmatic wchodzi do Polski!"},"content":{"rendered":"<h2>Avocet mianowa\u0142 Micha\u0142a Myczkowskiego na stanowisko Country Managera w Polsce. Myczkowski, poprzednio szef dzia\u0142u programmatic w TVN, odpowiedzialny b\u0119dzie za wprowadzanie Avocet na polski rynek.<\/h2>\n<p>Jego zadaniem b\u0119dzie u\u015bwiadamianie rynku o prze\u0142omowej technologii Avocet DSP oraz stworzenie zespo\u0142u, kt\u00f3ry pozwoli zapewni\u0107 najwy\u017cszej jako\u015bci partnerstwo z klientami.<\/p>\n<p>Myczkowski b\u0119dzie bezpo\u015brednio raportowa\u0142 do Prezesa Avocet Ezry Pierce, kt\u00f3ry powiedzia\u0142: &#8222;Cieszymy si\u0119, \u017ce Micha\u0142 do\u0142\u0105czy\u0142 do zespo\u0142u. Ze swoim entuzjazmem, do\u015bwiadczeniem i inteligencj\u0105 jest w\u0142a\u015bciw\u0105 osob\u0105 do wprowadzenia na rynek innowacyjnej platformy jak\u0105 jest Avocet\u201d.<\/p>\n<p>Przed Avocet, Myczkowski pracowa\u0142 w TVN, gdzie odgrywa\u0142 kluczow\u0105 rol\u0119 w opracowaniu strategii programmatic dla TVN oraz prowadzi\u0142 proces polegaj\u0105cy na wdro\u017ceniu nowych rozwi\u0105za\u0144 adtech, raportuj\u0105c bezpo\u015brednio\u00a0komitetowi steruj\u0105cemu i zarz\u0105dowi firmy. Zanim pracowa\u0142 dla TVN, sp\u0119dzi\u0142 sze\u015b\u0107 lat na zdobywaniu do\u015bwiadczenia, pracuj\u0105c dla znacz\u0105cych firm w bran\u017cy, mi\u0119dzy innymi takich jak Criteo, gdzie g\u0142\u00f3wnym jego zadaniem by\u0142o pozyskiwanie najlepszych wydawc\u00f3w w Polsce oraz dbanie o d\u0142ugofalowe relacje z nimi.<\/p>\n<p>Komentuj\u0105c jego now\u0105 rol\u0119, Myczkowski powiedzia\u0142: &#8222;Jestem podekscytowany, \u017ce do\u0142\u0105czam do Avocet w tak interesuj\u0105cym dla firmy czasie, a tak\u017ce podj\u0119ciem nowego wyzwania. Czuj\u0119 si\u0119 wyr\u00f3\u017cniony, \u017ce mog\u0119 by\u0107 cz\u0119\u015bci\u0105 tak szanowanej firmy, kt\u00f3ra szczyci si\u0119 wysok\u0105 jako\u015bci\u0105 us\u0142ug, i bardzo si\u0119 ciesz\u0119, \u017ce b\u0119d\u0119 m\u00f3g\u0142 wprowadza\u0107 Avocet na rynek polski. Oczekuj\u0119 na owocn\u0105 prac\u0119 z zespo\u0142em, z kt\u00f3rym b\u0119d\u0119 pracowa\u0142 nad rozwijaniem ju\u017c rozbudowanego pakietu us\u0142ug&#8221;.<\/p>\n<p>\u201cDSP Avocet jest dalece zaawansowany pod wzgl\u0119dem funkcji w zakresie viewability, doskona\u0142ego planowania medi\u00f3w, jak r\u00f3wnie\u017c cross-device i skutecznej optymalizacji kampanii reklamowych,\u00a0oferuj\u0105c dost\u0119p do samoobs\u0142ugowego panelu, jak i r\u00f3wnie\u017c us\u0142ug\u0119 zarz\u0105dzania kampaniami dla agencji i reklamodawc\u00f3w&#8221;.<\/p>\n<p>&nbsp;<\/p>\n<p>&nbsp;<\/p>\n<p>&nbsp;<\/p>\n<p>&nbsp;<\/p>\n","protected":false},"excerpt":{"rendered":"Avocet mianowa\u0142 Micha\u0142a Myczkowskiego na stanowisko Country Managera w Polsce. Myczkowski, poprzednio szef dzia\u0142u programmatic w TVN, odpowiedzialny&hellip;","protected":false},"author":39,"featured_media":178061,"comment_status":"open","ping_status":"closed","sticky":false,"template":"","format":"standard","meta":{"csco_display_header_overlay":false,"csco_singular_sidebar":"","csco_page_header_type":"","csco_page_load_nextpost":"","csco_post_video_location":[],"csco_post_video_location_hash":"","csco_post_video_url":"","csco_post_video_bg_start_time":0,"csco_post_video_bg_end_time":0,"footnotes":""},"categories":[5909,9677],"tags":[],"class_list":{"0":"post-182266","1":"post","2":"type-post","3":"status-publish","4":"format-standard","5":"has-post-thumbnail","7":"category-kariera","8":"category-ludzie","9":"cs-entry","10":"cs-video-wrap"},"_links":{"self":[{"href":"https:\/\/mediarun.com\/pl\/wp-json\/wp\/v2\/posts\/182266","targetHints":{"allow":["GET"]}}],"collection":[{"href":"https:\/\/mediarun.com\/pl\/wp-json\/wp\/v2\/posts"}],"about":[{"href":"https:\/\/mediarun.com\/pl\/wp-json\/wp\/v2\/types\/post"}],"author":[{"embeddable":true,"href":"https:\/\/mediarun.com\/pl\/wp-json\/wp\/v2\/users\/39"}],"replies":[{"embeddable":true,"href":"https:\/\/mediarun.com\/pl\/wp-json\/wp\/v2\/comments?post=182266"}],"version-history":[{"count":0,"href":"https:\/\/mediarun.com\/pl\/wp-json\/wp\/v2\/posts\/182266\/revisions"}],"wp:featuredmedia":[{"embeddable":true,"href":"https:\/\/mediarun.com\/pl\/wp-json\/wp\/v2\/media\/178061"}],"wp:attachment":[{"href":"https:\/\/mediarun.com\/pl\/wp-json\/wp\/v2\/media?parent=182266"}],"wp:term":[{"taxonomy":"category","embeddable":true,"href":"https:\/\/mediarun.com\/pl\/wp-json\/wp\/v2\/categories?post=182266"},{"taxonomy":"post_tag","embeddable":true,"href":"https:\/\/mediarun.com\/pl\/wp-json\/wp\/v2\/tags?post=182266"}],"curies":[{"name":"wp","href":"https:\/\/api.w.org\/{rel}","templated":true}]}}