{"id":181919,"date":"2017-09-13T13:41:40","date_gmt":"2017-09-13T11:41:40","guid":{"rendered":"https:\/\/mediarun.com\/pl\/?p=181919"},"modified":"2017-09-13T13:41:40","modified_gmt":"2017-09-13T11:41:40","slug":"zjawiskowa-kampania-wizerunkowa-dla-marki-bmw","status":"publish","type":"post","link":"https:\/\/mediarun.com\/pl\/digital\/zjawiskowa-kampania-wizerunkowa-dla-marki-bmw.html","title":{"rendered":"Zjawiskowa kampania wizerunkowa dla marki BMW"},"content":{"rendered":"<h2 align=\"justify\"><span lang=\"pl-PL\">6 wrze\u015bnia ruszy\u0142a najnowsza, og\u00f3lnopolska kampania wizerunkowa najmocniejszego, seryjnego modelu w historii BMW \u2013 M760Li xDrive, autorstwa agencji Change Serviceplan. <\/span><\/h2>\n<p align=\"justify\"><span lang=\"pl-PL\">Kreacja z g\u0142\u00f3wnym has\u0142em &#8222;B\u0105d\u017a sob\u0105 w najmocniejszym w historii BMW\u201d, podkre\u015bla <\/span><span lang=\"pl-PL\">jedyne w swoim rodzaju <\/span><span lang=\"pl-PL\">po\u0142\u0105czenie dynamiki i mocy z luksusem. Kampania jest pierwsz\u0105 ods\u0142on\u0105 nowej strategii marki BMW i b\u0119dzie prowadzona w TV, kinie, prasie, online i social media. <\/span><\/p>\n<p align=\"justify\">\u201e<span lang=\"pl-PL\">Pe\u0142en pasji, odkrywczy, tw\u00f3rczy, pot\u0119\u017cny, inspiruj\u0105cy\u201d \u2013 taki jest model BMW <\/span><span lang=\"pl-PL\">M760Li xDrive<\/span><span lang=\"pl-PL\">. R\u00f3wnocze\u015bnie s\u0105 to cechy, kt\u00f3re charakteryzuj\u0105 jego kierowc\u00f3w. Koncept kreatywny kampanii zrealizowanej przez Change Serviceplan opiera si\u0119 na przekonaniu, \u017ce Klienci BMW sami <\/span><span lang=\"pl-PL\">najlepiej wiedz\u0105, kim s\u0105, czego chc\u0105 i co jest dla nich najwa\u017cniejsze. Najlepiej jak b\u0119d\u0105 sob\u0105. BMW ich w tym wspiera. O tym jest najnowsza kampania.<br \/>\n<\/span><\/p>\n<div style=\"width: 1024px;\" class=\"wp-video\"><video class=\"wp-video-shortcode\" id=\"video-181919-1\" width=\"1024\" height=\"576\" preload=\"metadata\" controls=\"controls\"><source type=\"video\/mp4\" src=\"https:\/\/mediarun.com\/wp-content\/uploads\/2017\/09\/BMW_M760Li_xDrive_30s_prev_emis.mp4?_=1\" \/><a href=\"https:\/\/mediarun.com\/wp-content\/uploads\/2017\/09\/BMW_M760Li_xDrive_30s_prev_emis.mp4\">https:\/\/mediarun.com\/wp-content\/uploads\/2017\/09\/BMW_M760Li_xDrive_30s_prev_emis.mp4<\/a><\/video><\/div>\n<p align=\"justify\"><span lang=\"pl-PL\">To jedna z najwa\u017cniejszych kampanii marki w 2017 roku. Wracamy w niej do silnego przekazu o dynamice i osi\u0105gach, kt\u00f3re s\u0105 jednymi z g\u0142\u00f3wnych filar\u00f3w marki BMW i \u0142\u0105czymy<br \/>\nz jej luksusowym charakterem. BMW wspiera indywidualno\u015b\u0107 swoich Klient\u00f3w, oferuj\u0105c najwy\u017cszej jako\u015bci wyposa\u017cenie z kolekcji BMW Individual, kt\u00f3ra pozwala stworzy\u0107 w\u0142asne BMW, odzwierciedlaj\u0105ce charakter w\u0142a\u015bciciela<\/span><span lang=\"pl-PL\"> \u2013 m\u00f3wi <\/span><span lang=\"pl-PL\">Kacper Studencki, Brand and Customer Connection Manager<\/span><\/p>\n<p align=\"justify\"><a name=\"_GoBack\"><\/a> <span lang=\"pl-PL\">Agencja kreatywna Change Serviceplan odpowiada za obs\u0142ug\u0119 BMW w wyniku wygranego przetargu w 2016 roku, do kt\u00f3rego zosta\u0142a zaproszona w ramach strategicznego partnerstwa Group One z Serviceplan Group. Serviceplan Group odpowiada za mark\u0119 na 12 rynkach<br \/>\nw regionie CEE. Media do kampanii zaplanowa\u0142 dom mediowy Initiative.<\/span><\/p>\n<p align=\"justify\">\n<p><span lang=\"pl-PL\"><br \/>\n<\/span><\/p>\n<p align=\"justify\">\n","protected":false},"excerpt":{"rendered":"6 wrze\u015bnia ruszy\u0142a najnowsza, og\u00f3lnopolska kampania wizerunkowa najmocniejszego, seryjnego modelu w historii BMW \u2013 M760Li xDrive, autorstwa agencji&hellip;","protected":false},"author":39,"featured_media":167616,"comment_status":"open","ping_status":"closed","sticky":false,"template":"","format":"standard","meta":{"csco_display_header_overlay":false,"csco_singular_sidebar":"","csco_page_header_type":"","csco_page_load_nextpost":"","csco_post_video_location":[],"csco_post_video_location_hash":"","csco_post_video_url":"","csco_post_video_bg_start_time":0,"csco_post_video_bg_end_time":0,"footnotes":""},"categories":[4630,11435,11250],"tags":[354,5641],"class_list":{"0":"post-181919","1":"post","2":"type-post","3":"status-publish","4":"format-standard","5":"has-post-thumbnail","7":"category-digital","8":"category-ekspert-radzi","9":"category-motoryzacja","10":"tag-bmw","11":"tag-group-one","12":"cs-entry","13":"cs-video-wrap"},"_links":{"self":[{"href":"https:\/\/mediarun.com\/pl\/wp-json\/wp\/v2\/posts\/181919","targetHints":{"allow":["GET"]}}],"collection":[{"href":"https:\/\/mediarun.com\/pl\/wp-json\/wp\/v2\/posts"}],"about":[{"href":"https:\/\/mediarun.com\/pl\/wp-json\/wp\/v2\/types\/post"}],"author":[{"embeddable":true,"href":"https:\/\/mediarun.com\/pl\/wp-json\/wp\/v2\/users\/39"}],"replies":[{"embeddable":true,"href":"https:\/\/mediarun.com\/pl\/wp-json\/wp\/v2\/comments?post=181919"}],"version-history":[{"count":0,"href":"https:\/\/mediarun.com\/pl\/wp-json\/wp\/v2\/posts\/181919\/revisions"}],"wp:featuredmedia":[{"embeddable":true,"href":"https:\/\/mediarun.com\/pl\/wp-json\/wp\/v2\/media\/167616"}],"wp:attachment":[{"href":"https:\/\/mediarun.com\/pl\/wp-json\/wp\/v2\/media?parent=181919"}],"wp:term":[{"taxonomy":"category","embeddable":true,"href":"https:\/\/mediarun.com\/pl\/wp-json\/wp\/v2\/categories?post=181919"},{"taxonomy":"post_tag","embeddable":true,"href":"https:\/\/mediarun.com\/pl\/wp-json\/wp\/v2\/tags?post=181919"}],"curies":[{"name":"wp","href":"https:\/\/api.w.org\/{rel}","templated":true}]}}