{"id":181778,"date":"2017-09-04T13:51:00","date_gmt":"2017-09-04T11:51:00","guid":{"rendered":"https:\/\/mediarun.com\/pl\/?p=181778"},"modified":"2017-09-04T13:51:00","modified_gmt":"2017-09-04T11:51:00","slug":"znaczacy-awans-elle-elle-decoration-polska","status":"publish","type":"post","link":"https:\/\/mediarun.com\/pl\/media\/prasa\/znaczacy-awans-elle-elle-decoration-polska.html","title":{"rendered":"Znacz\u0105cy awans w Elle i Elle Decoration Polska"},"content":{"rendered":"<div class=\"post_first_image\">\n<h2 class=\"post_image_info\">Agata Zych-Zieli\u0144ska dotychczas pe\u0142ni\u0142a funkcj\u0119 redaktor prowadz\u0105cej serwisu Kobieta.pl (fot. materia\u0142y prasowe)<\/h2>\n<\/div>\n<p class=\"intro_text\">1 wrze\u015bnia br. now\u0105 brand manager &#8222;Elle&#8221; i &#8222;Elle Decoration&#8221; (Burda Publishing Polska) zosta\u0142a Agata Zych-Zieli\u0144ska, dotychczasowa redaktor prowadz\u0105ca serwisu Kobieta.pl.<\/p>\n<p>G\u0142\u00f3wnym zadaniem Agaty Zych-Zieli\u0144skiej na nowym stanowisku jest rozwijanie brandu &#8222;Elle&#8221;. Zamierza ona stawia\u0107 na nowoczesne, crossmarketingowe rozwi\u0105zania. Agata Zych-Zieli\u0144ska jest zwi\u0105zana z bran\u017c\u0105 mody i magazynami o tematyce kobiecej od 10 lat. Pe\u0142ni\u0142a funkcj\u0119 redaktora w magazynie InStyle, project managera ds. projekt\u00f3w internetowych w Fashion Group, pracowa\u0142a jako redaktor prowadz\u0105ca w Fashion Magazine oraz serwisie FashionNow.pl. By\u0142a r\u00f3wnie\u017c zatrudniona w wydawnictwie Agora na stanowiskach: project managera projekt\u00f3w internetowych oraz redaktorki Kobieta.gazeta.pl. W Burda Publishing Polska dotychczas pe\u0142ni\u0142a funkcj\u0119 redaktor prowadz\u0105cej serwisu Kobieta.pl. Teraz to stanowisko obj\u0119\u0142a jej dotychczasowa zast\u0119pczyni Weronika P\u0142ocha.<\/p>\n<p>Z kolei poprzednia brand manager &#8222;Elle&#8221; i &#8222;Elle Decoration&#8221; Marta Stefa\u0144ska zosta\u0142a w kwietniu br. publishing managerem w segmencie luksusowym i special interest (za wyj\u0105tkiem magazyn\u00f3w &#8222;CRN&#8221; i &#8222;Kaleidoscope&#8221;).<\/p>\n","protected":false},"excerpt":{"rendered":"Agata Zych-Zieli\u0144ska dotychczas pe\u0142ni\u0142a funkcj\u0119 redaktor prowadz\u0105cej serwisu Kobieta.pl (fot. materia\u0142y prasowe) 1 wrze\u015bnia br. now\u0105 brand manager&hellip;","protected":false},"author":39,"featured_media":178451,"comment_status":"open","ping_status":"closed","sticky":false,"template":"","format":"standard","meta":{"csco_display_header_overlay":false,"csco_singular_sidebar":"","csco_page_header_type":"","csco_page_load_nextpost":"","csco_post_video_location":[],"csco_post_video_location_hash":"","csco_post_video_url":"","csco_post_video_bg_start_time":0,"csco_post_video_bg_end_time":0,"footnotes":""},"categories":[9677,9678,9673],"tags":[961,11693],"class_list":{"0":"post-181778","1":"post","2":"type-post","3":"status-publish","4":"format-standard","5":"has-post-thumbnail","7":"category-ludzie","8":"category-awanse","9":"category-prasa","10":"tag-elle","11":"tag-elle-decoration","12":"cs-entry","13":"cs-video-wrap"},"_links":{"self":[{"href":"https:\/\/mediarun.com\/pl\/wp-json\/wp\/v2\/posts\/181778","targetHints":{"allow":["GET"]}}],"collection":[{"href":"https:\/\/mediarun.com\/pl\/wp-json\/wp\/v2\/posts"}],"about":[{"href":"https:\/\/mediarun.com\/pl\/wp-json\/wp\/v2\/types\/post"}],"author":[{"embeddable":true,"href":"https:\/\/mediarun.com\/pl\/wp-json\/wp\/v2\/users\/39"}],"replies":[{"embeddable":true,"href":"https:\/\/mediarun.com\/pl\/wp-json\/wp\/v2\/comments?post=181778"}],"version-history":[{"count":0,"href":"https:\/\/mediarun.com\/pl\/wp-json\/wp\/v2\/posts\/181778\/revisions"}],"wp:featuredmedia":[{"embeddable":true,"href":"https:\/\/mediarun.com\/pl\/wp-json\/wp\/v2\/media\/178451"}],"wp:attachment":[{"href":"https:\/\/mediarun.com\/pl\/wp-json\/wp\/v2\/media?parent=181778"}],"wp:term":[{"taxonomy":"category","embeddable":true,"href":"https:\/\/mediarun.com\/pl\/wp-json\/wp\/v2\/categories?post=181778"},{"taxonomy":"post_tag","embeddable":true,"href":"https:\/\/mediarun.com\/pl\/wp-json\/wp\/v2\/tags?post=181778"}],"curies":[{"name":"wp","href":"https:\/\/api.w.org\/{rel}","templated":true}]}}