{"id":18175,"date":"2011-03-17T15:31:50","date_gmt":"2011-03-17T14:31:50","guid":{"rendered":"https:\/\/mediarun.com\/index.php\/news-posts\/anna-lubowska-moj-czas-minal-wywiad\/"},"modified":"2011-03-17T15:31:50","modified_gmt":"2011-03-17T14:31:50","slug":"anna-lubowska-moj-czas-minal-wywiad","status":"publish","type":"post","link":"https:\/\/mediarun.com\/pl\/marketing\/atl\/anna-lubowska-moj-czas-minal-wywiad.html","title":{"rendered":"Anna Lubowska: m\u00f3j czas min\u0105\u0142 (wywiad)"},"content":{"rendered":"<p><strong>Czy Pani decyzja o odej\u015bciu z SAR jest nieodwo\u0142alna?<\/strong><\/p>\n<p>Cz\u0142onk&oacute;w stowarzyszenia obowi\u0105zuje statut i umowa jak\u0105 zawarli\u015bmy, zgodnie z kt&oacute;r\u0105 prezes nie mo\u017ce by\u0107 wybierany na d\u0142u\u017cej, ni\u017c dwie kadencje. Ja w praktyce pe\u0142ni\u0142am t\u0119 funkcj\u0119 1,5 kadencji wi\u0119c formalnie mog\u0142abym ponownie startowa\u0107 w wyborach, ale podj\u0119\u0142am inn\u0105 decyzj\u0119. Uwa\u017cam wi\u0119c, \u017ce m&oacute;j czas min\u0105\u0142. Oczywi\u015bcie wi\u0105\u017ce si\u0119 to r&oacute;wnie\u017c z faktem, \u017ce od czerwca obejmuj\u0119 nowe stanowisko, kt&oacute;re b\u0119dzie ode mnie wymaga\u0142o po\u015bwi\u0119cenia wi\u0119kszej ilo\u015bci czasu. W zwi\u0105zku z tym, pr&oacute;ba kandydowania by\u0142aby z mojej strony przejawem nieodpowiedzialno\u015bci.<\/p>\n<p><strong>Pe\u0142nienie funkcji prezesa SAR to pracoch\u0142onne zaj\u0119cie?<\/strong><\/p>\n<p>Stanowisko prezesa zarz\u0105du jak i cz\u0142onka zarz\u0105du rzeczywi\u015bcie wymaga po\u015bwi\u0119cenia sporej ilo\u015bci czasu. To by\u0142y bardzo intensywne kadencje, podczas kt&oacute;rych pracowali\u015bmy w\u0142a\u015bciwie bez przerwy i spotykali\u015bmy si\u0119 kilka razy miesi\u0105cu. Zdarza\u0142y si\u0119 oczywi\u015bcie r&oacute;wnie\u017c okresy, kiedy nie musieli\u015bmy pracowa\u0107 tak ci\u0119\u017cko, jednak na pewno nie by\u0142o dnia bez wymiany maili. To by\u0142 bardzo owocny okres, w czasie kt&oacute;rego wiele si\u0119 wydarzy\u0142o.<\/p>\n<p><strong>Jakie by\u0142y Pani cele jako prezesa SAR? Uda\u0142o si\u0119 je zrealizowa\u0107?<\/strong><\/p>\n<p>Kiedy kandydowa\u0142am na stanowisko prezesa, wydawa\u0142o mi si\u0119, \u017ce wa\u017cne jest, aby prezes pe\u0142ni\u0142 funkcj\u0119 koncyliacyjn\u0105 mi\u0119dzy poszczeg&oacute;lnymi cz\u0142onkami zarz\u0105du. Ka\u017cdy z cz\u0142onk&oacute;w SAR posiada siln\u0105 osobowo\u015b\u0107, potrzebny by\u0142 zatem kto\u015b, kto doprowadzi\u0142by stowarzyszenie do konsensusu. S\u0105dz\u0119, \u017ce uda\u0142o mi si\u0119 t\u0119 rol\u0119 nale\u017cycie spe\u0142ni\u0107. Nie stara\u0142am si\u0119 by\u0107 osob\u0105, kt&oacute;ra szokuje pomys\u0142ami, raczej zbiera\u0142am je i wsp&oacute;lnie zastanawiali\u015bmy si\u0119, co dalej robi\u0107.<\/p>\n<p><strong>Najwi\u0119ksze sukcesy?<\/strong><\/p>\n<p>My\u015bl\u0119, \u017ce przyczyni\u0142am si\u0119 do tego \u017ce zarz\u0105d bardzo ci\u0119\u017cko pracowa\u0142. Czuj\u0119 si\u0119 naprawd\u0119 dumna, kiedy czytam i s\u0142ysz\u0119 o tym, co SAR zrobi\u0142 w dzia\u0142alno\u015bci spo\u0142ecznej. Powo\u0142ali\u015bmy fundacj\u0119 AdArtis, kt&oacute;ra rozwija projekt Muzeum Utracone, stawiaj\u0105ce sobie za cel zachowanie pami\u0119ci i popularyzacj\u0119 wiedzy o dzie\u0142ach sztuki, kt&oacute;re utracili\u015bmy w kolejnych wojnach i rozbiorach. Nie chc\u0119 jednak, aby pomys\u0142 ten by\u0142 kojarzony z moim nazwiskiem, poniewa\u017c jest to projekt zespo\u0142u SAR, a pomys\u0142odawc\u0105 by\u0142a Anna Zimecka. Projekt jest wspierany oczywi\u015bcie  przez zarz\u0105d.<\/p>\n<p>Za sukces uwa\u017cam r&oacute;wnie\u017c zmobilizowanie \u015brodowiska do dzia\u0142ania. Przede wszystkim powr&oacute;cili\u015bmy do rozm&oacute;w o platformie przetargowej i przetargach.  Skutecznie  zach\u0119cali\u015bmy naszych cz\u0142onk&oacute;w do rozwi\u0105zywania kwestii spornych z  potencjalnymi  klientami i promowania dobrych praktyk przetargowych Pawe\u0142 Tyszkiewicz mia\u0142 mo\u017cliwo\u015b\u0107 znacznie cz\u0119stszego interweniowania w sytuacjach przetargowych.&nbsp;W przesz\u0142o\u015bci zmobilizowanie cz\u0142onk&oacute;w do dzia\u0142ania wymaga\u0142o sporo wysi\u0142ku. To ju\u017c przesz\u0142o\u015b\u0107, poniewa\u017c obecnie frekwencja klubowa jest imponuj\u0105ca. <\/p>\n<p>Najlepszymi przyk\u0142adami ilustruj\u0105cymi moje s\u0142owa s\u0105 bardzo dynamicznie dzia\u0142aj\u0105ce Klub Mediowy oraz Klub Brand Design. Wida\u0107, \u017ce ich uczestnicy maj\u0105 \u015bwiadomo\u015b\u0107 tego, \u017ce kiedy dyskutujemy i dzia\u0142amy razem, jeste\u015bmy w stanie wiele zmieni\u0107, a w konsekwencji, doprowadzi\u0107 do nowych standard&oacute;w dzia\u0142ania w tej bran\u017cy s\u0142u\u017c\u0105cych zar&oacute;wno interesom agencji jak i naszych klient&oacute;w.<\/p>\n<p>Niew\u0105tpliwym sukcesem jest tak\u017ce to, \u017ce od lat liczba naszych cz\u0142onk&oacute;w nieustannie si\u0119 zwi\u0119ksza. Coraz cz\u0119\u015bciej, jako motywacj\u0119 ch\u0119ci wej\u015bcia w struktury SAR, agencje podaj\u0105 przydatno\u015b\u0107 naszych narz\u0119dzi przetargowych. Poza presti\u017cem zwi\u0105zanym z byciem cz\u0142onkiem SAR, narz\u0119dzia te stanowi\u0105 dla agencji znacz\u0105c\u0105 pomoc w dzia\u0142alno\u015bci, jak\u0105 prowadz\u0105.<\/p>\n<p>Musz\u0119 te\u017c wspomnie\u0107 o sukcesie projekt&oacute;w prowadzonych przez SAR od wielu lat.&nbsp;Szko\u0142a Strategii Marki to najlepsza obecnie szko\u0142a tego typu. Jest to najlepsze szkolenie na rynku prowadzone przez profesjonalist&oacute;w. Aby m&oacute;c na nie ucz\u0119szcza\u0107, ch\u0119tni musz\u0105 zapisywa\u0107 si\u0119 nawet z dwuletnim wyprzedzeniem. Effie &#8211; aktywnie kibicuje temu projektowi   od pierwszej edycji i jestem dumna widz\u0105c, \u017ce  jest to ju\u017c tak powa\u017cna organizacja i przedsi\u0119wzi\u0119cie zarazem. Zaanga\u017cowane s\u0105 w niego nie tylko agencje i SAR, ale tak\u017ce klienci, kt&oacute;rzy ch\u0119tnie uczestnicz\u0105 w dyskusjach wok&oacute;\u0142 Effie, Media Trend&oacute;w i KTR. <\/p>\n<p>Uwa\u017cam jednak, \u017ce obecny zarz\u0105d nie powinien przypina\u0107 sobie za to order&oacute;w. To wszystko jest jak lokomotywa, kt&oacute;ra rozp\u0119dza\u0142a si\u0119 ju\u017c wcze\u015bniej. Do wsp&oacute;lnego sukcesu do\u0142o\u017cyli\u015bmy tylko swoj\u0105 cz\u0119\u015b\u0107 pracy. Przed nami by\u0142o wiele kadencji, kt&oacute;rych zadania przej\u0119li\u015bmy i mam nadziej\u0119, \u017ce nie zwolnili\u015bmy tempa, ani nie stracili\u015bmy wysokiej pozycji.<\/p>\n<p>Wed\u0142ug mnie, stanowisko prezesa zarz\u0105du jest jednak funkcj\u0105 nieco symboliczn\u0105. Z mojego punktu widzenia naprawd\u0119 wa\u017cn\u0105 rol\u0119 w dzia\u0142alno\u015bci stowarzyszenia odgrywa jego zarz\u0105d. Sk\u0142ad zarz\u0105du sprawuj\u0105cego w\u0142adz\u0119 przez dwie ostatnie kadencje by\u0142 bardzo r&oacute;\u017cnorodny, obecny tworzy zar&oacute;wno du\u017ca agencja kreatywna, jak i ma\u0142a &#8211; lokalna oraz dwie agencje interaktywne.  Mamy r&oacute;wnie\u017c dw&oacute;ch przedstawicieli agencji mediowych, a tak\u017ce zgodnie z ustaleniami walnego zgromadzenia, do obrad zarz\u0105du do\u0142\u0105czy\u0142 szef Klubu Brand Design oraz szef KTR-u. Mieli\u015bmy zatem bardzo bogate spektrum mo\u017cliwych rodzaj&oacute;w firm zrzeszonych, co z pewno\u015bci\u0105 pomaga\u0142o w osi\u0105gni\u0119ciu sukces&oacute;w.<\/p>\n<p><strong>Czy by\u0142y jakie\u015b za\u0142o\u017cenia, kt&oacute;rych nie uda\u0142o si\u0119 Pani zrealizowa\u0107?<\/strong><\/p>\n<p>Jeste\u015bmy w trakcie realizacji projektu obejmuj\u0105cego planowane od d\u0142u\u017cszego czasu za\u0142o\u017cenie platformy komunikacyjnej, kt&oacute;ra pe\u0142ni\u0142aby funkcj\u0119 \u017ar&oacute;d\u0142a informacji o stowarzyszeniu i jego cz\u0142onkach oraz narz\u0119dzia do ich promocji na zewn\u0105trz. Projekt ten jest zakrojony na szerok\u0105 skal\u0119, w zwi\u0105zku z czym ubiegamy si\u0119 o dodatkowe fundusze na jego realizacj\u0119, co jednak nie jest \u0142atwe. Mimo, \u017ce ci\u0105gle mamy nadziej\u0119 na pozyskanie dofinansowania, na ostatnim spotkaniu zarz\u0105du podj\u0119li\u015bmy decyzj\u0119, \u017ce nawet je\u015bli funduszy nie uda nam si\u0119 zdoby\u0107, projekt b\u0119dzie dalej realizowany w skromniejszej wersji. Prawdopodobnie platforma ruszy jeszcze w tej po\u0142owie roku.<\/p>\n<p><strong>Jak na pe\u0142nion\u0105 przez pani\u0105 funkcj\u0119 wp\u0142yn\u0105\u0142 \u015bwiatowy kryzys ekonomiczny? <\/strong><\/p>\n<p>Jak ka\u017cda firma, stowarzyszenie musia\u0142o przej\u015b\u0107 przez seri\u0119 pewnych ci\u0119\u0107 koszt&oacute;w i oszcz\u0119dno\u015bci, zar&oacute;wno w dzia\u0142alno\u015bci bie\u017c\u0105cej, jak i imprezach i festiwalach, jakie organizujemy. Jednak kiedy przyjrzeli\u015bmy si\u0119 zmianom w dochodowo\u015bci naszych festiwali, nie zauwa\u017cyli\u015bmy z\u0142ego wp\u0142ywu kryzysu. Oczywi\u015bcie musieli\u015bmy si\u0119 zastanowi\u0107, jakie wydatki mo\u017cemy zmniejszy\u0107, jakie inwestycje musimy kontynuowa\u0107, a jakie mo\u017cemy op&oacute;\u017ani\u0107. Nie odczuli\u015bmy r&oacute;wnie\u017c spadku zainteresowania naszymi produktami, ani szkoleniowymi, ani  konkursowymi.<\/p>\n<p><strong>Jak widzi Pani przysz\u0142o\u015b\u0107 SAR?<\/strong><\/p>\n<p>Mam nadziej\u0119, \u017ce stowarzyszenie b\u0119dzie w przysz\u0142o\u015bci jednoczy\u0107 ca\u0142e \u015brodowisko bran\u017cowe, a  ilo\u015b\u0107 agencji i cz\u0142onk&oacute;w SAR b\u0119dzie wzrasta\u0142a, co najmniej w takim samym tempie, w jakim wzrasta w tej chwili. Chcia\u0142abym, \u017ceby\u015bmy byli postrzegani, jako organizacja s\u0142u\u017c\u0105ca interesom tego \u015brodowiska i dobrze je reprezentuj\u0105ca na zewn\u0105trz, \u017ceby\u015bmy mogli zabiera\u0107 g\u0142os w wa\u017cnych dla bran\u017cy sprawach. Ale przysz\u0142o\u015b\u0107 SAR zale\u017cy od jego cz\u0142onk&oacute;w, poniewa\u017c to oni maj\u0105 najwi\u0119kszy wp\u0142yw t\u0119 instytucj\u0119.<\/p>\n<p><strong>Najliczniejsz\u0105 grup\u0105 w SAR s\u0105 agencje reklamowe. Czy nowym prezesem powinien by\u0107 kto\u015b z tego \u015brodowiska?<\/strong><\/p>\n<p>Przede wszystkim powinna to by\u0107 osoba posiadaj\u0105ca pomys\u0142, kt&oacute;rym jest w stanie zarazi\u0107 innych. Oczywi\u015bcie osoba taka musi spe\u0142nia\u0107 pewne warunki brzegowe. Musi by\u0107 to r&oacute;wnie\u017c kandydat, do kt&oacute;rego \u015brodowisko b\u0119dzie mia\u0142o zaufanie.<\/p>\n<p>Uwa\u017cam, \u017ce powinien by\u0107 to kto\u015b posiadaj\u0105cy ju\u017c jakie\u015b pozytywne do\u015bwiadczenia biznesowe, kto odni&oacute;s\u0142 w biznesie sukces. Fakt, czy dany kandydat pochodzi z agencji sieciowej, kreatywnej czy interaktywnej, czy mo\u017ce z domu mediowego, nie ma znaczenia. Na li\u015bcie kandydat&oacute;w figuruj\u0105 przedstawiciele wszystkich wymienionych \u015brodowisk. Osobi\u015bcie na list\u0119 zg\u0142osi\u0142am trzy osoby. Uwa\u017cam, \u017ce ka\u017cda z nich by\u0142aby dobrym prezesem. <\/p>\n<p>Wybory s\u0105 tak\u017ce pretekstem do rozmowy o przysz\u0142o\u015bci SAR. Ka\u017cdy kandydat podczas walnego zgromadzenia, kt&oacute;re odb\u0119dzie si\u0119 22 marca, otrzyma czas na wypowied\u017a, w trakcie kt&oacute;rej b\u0119dzie mia\u0142 szans\u0119 podzielenia si\u0119 z  walnym zgromadzeniem cz\u0142onk&oacute;w swoimi pogl\u0105dami na przysz\u0142o\u015b\u0107 stowarzyszenia.  Ostatecznie dzia\u0142ania SAR zawsze s\u0105 wypracowane przez zarz\u0105d, jednak osobowo\u015b\u0107 prezesa ma  du\u017cy&nbsp; wp\u0142yw.<\/p>\n<p>Wybory wymagaj\u0105 du\u017cej odpowiedzialno\u015bci od ca\u0142ego \u015brodowiska. Zarz\u0105d nie b\u0119dzie rekomendowa\u0107 \u017cadnych kandydatur. Wybory s\u0105 wolne i ka\u017cdy zag\u0142osuje wed\u0142ug w\u0142asnego sumienia.<\/p>\n<p>Zach\u0119cam do kandydowania wszystkie osoby, kt&oacute;re maja pogl\u0105d w jakim kierunku powinna zmierza\u0107 nasza organizacja i s\u0105 w stanie po\u015bwi\u0119ci\u0107 tej pracy energi\u0119 i czas.<\/p>\n<p style=\"text-align: right;\">Rozmawia\u0142y Joanna Korszla i Aleksandra Prejs<\/p>\n","protected":false},"excerpt":{"rendered":"O pe\u0142nieniu funkcji prezesa SAR, przysz\u0142o\u015bci organizacji i wyzwaniach jakie przed ni\u0105 stoj\u0105 rozmawiamy z Anna Lubowsk\u0105, prezesem SAR.","protected":false},"author":1,"featured_media":18176,"comment_status":"open","ping_status":"closed","sticky":false,"template":"","format":"standard","meta":{"csco_display_header_overlay":false,"csco_singular_sidebar":"","csco_page_header_type":"","csco_page_load_nextpost":"","csco_post_video_location":[],"csco_post_video_location_hash":"","csco_post_video_url":"","csco_post_video_bg_start_time":0,"csco_post_video_bg_end_time":0,"footnotes":""},"categories":[9642],"tags":[294,144],"class_list":{"0":"post-18175","1":"post","2":"type-post","3":"status-publish","4":"format-standard","5":"has-post-thumbnail","7":"category-atl","8":"tag-mec","9":"tag-sar","10":"cs-entry","11":"cs-video-wrap"},"_links":{"self":[{"href":"https:\/\/mediarun.com\/pl\/wp-json\/wp\/v2\/posts\/18175","targetHints":{"allow":["GET"]}}],"collection":[{"href":"https:\/\/mediarun.com\/pl\/wp-json\/wp\/v2\/posts"}],"about":[{"href":"https:\/\/mediarun.com\/pl\/wp-json\/wp\/v2\/types\/post"}],"author":[{"embeddable":true,"href":"https:\/\/mediarun.com\/pl\/wp-json\/wp\/v2\/users\/1"}],"replies":[{"embeddable":true,"href":"https:\/\/mediarun.com\/pl\/wp-json\/wp\/v2\/comments?post=18175"}],"version-history":[{"count":0,"href":"https:\/\/mediarun.com\/pl\/wp-json\/wp\/v2\/posts\/18175\/revisions"}],"wp:featuredmedia":[{"embeddable":true,"href":"https:\/\/mediarun.com\/pl\/wp-json\/wp\/v2\/media\/18176"}],"wp:attachment":[{"href":"https:\/\/mediarun.com\/pl\/wp-json\/wp\/v2\/media?parent=18175"}],"wp:term":[{"taxonomy":"category","embeddable":true,"href":"https:\/\/mediarun.com\/pl\/wp-json\/wp\/v2\/categories?post=18175"},{"taxonomy":"post_tag","embeddable":true,"href":"https:\/\/mediarun.com\/pl\/wp-json\/wp\/v2\/tags?post=18175"}],"curies":[{"name":"wp","href":"https:\/\/api.w.org\/{rel}","templated":true}]}}