{"id":181633,"date":"2017-08-24T13:21:49","date_gmt":"2017-08-24T11:21:49","guid":{"rendered":"https:\/\/mediarun.com\/pl\/?p=181633"},"modified":"2017-08-24T13:21:49","modified_gmt":"2017-08-24T11:21:49","slug":"koflikt-w-polskim-radiu","status":"publish","type":"post","link":"https:\/\/mediarun.com\/pl\/ludzie\/kariera\/koflikt-w-polskim-radiu.html","title":{"rendered":"Konflikt w Polskim Radiu zako\u0144czony ugod\u0105?"},"content":{"rendered":"<h2>Zwolnieni dyscyplinarne w ub.r. przez Polskie Radio Wojciech Dorosz i Marcin Majchrowski zawarli ugod\u0119 ze sp\u00f3\u0142k\u0105 &#8211; dowiedzia\u0142 si\u0119 &#8222;Presserwis&#8221;.<\/h2>\n<p>Ani Wojciech Dorosz, ani Marcin Majchrowski nie komentuj\u0105 naszych ustale\u0144. W najbli\u017cszym czasie o ugodzie ma oficjalnie poinformowa\u0107 Polskie Radio.<\/p>\n<p>Poprzednie w\u0142adze Polskiego Radia postawi\u0142y Wojciechowi Doroszowi i Marcinowi Majchrowskiemu z kierownictwa Zwi\u0105zku Zawodowego Dziennikarzy i Pracownik\u00f3w Program\u00f3w III i II Polskiego Radia takie zarzuty, jak: \u201ewywieranie presji psychicznej\u201d na zarz\u0105d Polskiego Radia, &#8222;destabilizacja&#8221; jego pracy i sp\u00f3\u0142ki poprzez &#8222;publiczne n\u0119kanie\u201d m.in. &#8222;\u017c\u0105daniami przyst\u0105pienia do mediacji\u201d i stosowanie czarnego PR. Wojciech Dorosz pracowa\u0142 w Tr\u00f3jce od 2006 roku. By\u0142 wydawc\u0105 takich audycji, jak \u201dMagazyn bardzo kulturalny\u201d, \u201dTr\u00f3jka pod ksi\u0119\u017cycem\u201d i \u201dKlub Tr\u00f3jki\u201d.<\/p>\n<p>Marcin Majchrowski od 1993 roku by\u0142 zwi\u0105zany z Dw\u00f3jk\u0105. Prowadzi\u0142 m.in. programy \u201dKanon Dw\u00f3jki\u201d, \u201dWolna sobota\u201d, \u201dEuropa Chopina\u201d, \u201dO wszystkim z kultur\u0105\u201d. Jest laureatem Z\u0142otego Mikrofonu.<br \/>\nWcze\u015bniej ugod\u0119 z Polskim Radiem zawar\u0142 Pawe\u0142 So\u0142tys, r\u00f3wnie\u017c zwolniony dyscyplinarnie przez poprzedni zarz\u0105d sp\u00f3\u0142ki. Dziennikarz wr\u00f3ci\u0142 na anten\u0119 radiowej Tr\u00f3jki.<\/p>\n","protected":false},"excerpt":{"rendered":"Zwolnieni dyscyplinarne w ub.r. przez Polskie Radio Wojciech Dorosz i Marcin Majchrowski zawarli ugod\u0119 ze sp\u00f3\u0142k\u0105 &#8211; dowiedzia\u0142&hellip;","protected":false},"author":39,"featured_media":181635,"comment_status":"open","ping_status":"closed","sticky":false,"template":"","format":"standard","meta":{"csco_display_header_overlay":false,"csco_singular_sidebar":"","csco_page_header_type":"","csco_page_load_nextpost":"","csco_post_video_location":[],"csco_post_video_location_hash":"","csco_post_video_url":"","csco_post_video_bg_start_time":0,"csco_post_video_bg_end_time":0,"footnotes":""},"categories":[9677,5909,9668],"tags":[405,11673],"class_list":{"0":"post-181633","1":"post","2":"type-post","3":"status-publish","4":"format-standard","5":"has-post-thumbnail","7":"category-ludzie","8":"category-kariera","9":"category-media","10":"tag-polskie-radio","11":"tag-zzdp","12":"cs-entry","13":"cs-video-wrap"},"_links":{"self":[{"href":"https:\/\/mediarun.com\/pl\/wp-json\/wp\/v2\/posts\/181633","targetHints":{"allow":["GET"]}}],"collection":[{"href":"https:\/\/mediarun.com\/pl\/wp-json\/wp\/v2\/posts"}],"about":[{"href":"https:\/\/mediarun.com\/pl\/wp-json\/wp\/v2\/types\/post"}],"author":[{"embeddable":true,"href":"https:\/\/mediarun.com\/pl\/wp-json\/wp\/v2\/users\/39"}],"replies":[{"embeddable":true,"href":"https:\/\/mediarun.com\/pl\/wp-json\/wp\/v2\/comments?post=181633"}],"version-history":[{"count":0,"href":"https:\/\/mediarun.com\/pl\/wp-json\/wp\/v2\/posts\/181633\/revisions"}],"wp:featuredmedia":[{"embeddable":true,"href":"https:\/\/mediarun.com\/pl\/wp-json\/wp\/v2\/media\/181635"}],"wp:attachment":[{"href":"https:\/\/mediarun.com\/pl\/wp-json\/wp\/v2\/media?parent=181633"}],"wp:term":[{"taxonomy":"category","embeddable":true,"href":"https:\/\/mediarun.com\/pl\/wp-json\/wp\/v2\/categories?post=181633"},{"taxonomy":"post_tag","embeddable":true,"href":"https:\/\/mediarun.com\/pl\/wp-json\/wp\/v2\/tags?post=181633"}],"curies":[{"name":"wp","href":"https:\/\/api.w.org\/{rel}","templated":true}]}}