{"id":18131,"date":"2011-03-18T15:04:50","date_gmt":"2011-03-18T14:04:50","guid":{"rendered":"https:\/\/mediarun.com\/index.php\/news-posts\/oto-pierwszy-teledysk-nakrecony-ipadem-2-wideo\/"},"modified":"2011-03-18T15:04:50","modified_gmt":"2011-03-18T14:04:50","slug":"oto-pierwszy-teledysk-nakrecony-ipadem-2-wideo","status":"publish","type":"post","link":"https:\/\/mediarun.com\/pl\/inne\/oto-pierwszy-teledysk-nakrecony-ipadem-2-wideo.html","title":{"rendered":"Oto pierwszy teledysk nakr\u0119cony iPadem 2 (wideo)"},"content":{"rendered":"<p>Pierwsze wideo nakr\u0119cone w ca\u0142o\u015bci iPadem 2 ukaza\u0142o si\u0119 w tydzie\u0144 po jego debiucie na rynku. Teledysk do piosenki &#8222;Need&#8221; wykonywanej przez Eddy nakr\u0119ci\u0142a firma Remedy Films, kt&oacute;ra u\u017cy\u0142o w tym celu 4 iPad&oacute;w 2.<\/p>\n<p>Podczas, gdy nagranie filmu zaj\u0119\u0142o jedynie ok. 5 godzin, jego monta\u017c (do kt&oacute;rego u\u017cywano programu Final Cut Pro) zaj\u0105\u0142 ponad dwa razy wi\u0119cej czasu &#8211; 12 godzin.&nbsp;<\/p>\n<p>Jeden z iPad&oacute;w zamontowano na klasycznym statywie, drugi na suwnicy marki Kessler, a kolejny na statywie naramiennym operatora. Z czwartego tabletu korzysta\u0142a sama wokalistka.<\/p>\n","protected":false},"excerpt":{"rendered":"Po rynkowym debiucie ka\u017cdej nowej wersji iPhone&#8217;a czy iPada zawsze pojawiaj\u0105 si\u0119 kolejne &#8222;pierwsze filmy na \u015bwiecie&#8221; nakr\u0119cone za pomoc\u0105 urz\u0105dze\u0144 Apple.","protected":false},"author":1,"featured_media":18132,"comment_status":"open","ping_status":"closed","sticky":false,"template":"","format":"standard","meta":{"csco_display_header_overlay":false,"csco_singular_sidebar":"","csco_page_header_type":"","csco_page_load_nextpost":"","csco_post_video_location":[],"csco_post_video_location_hash":"","csco_post_video_url":"","csco_post_video_bg_start_time":0,"csco_post_video_bg_end_time":0,"footnotes":""},"categories":[47],"tags":[196,197,426],"class_list":{"0":"post-18131","1":"post","2":"type-post","3":"status-publish","4":"format-standard","5":"has-post-thumbnail","7":"category-inne","8":"tag-apple","9":"tag-ipad","10":"tag-iphone","11":"cs-entry","12":"cs-video-wrap"},"_links":{"self":[{"href":"https:\/\/mediarun.com\/pl\/wp-json\/wp\/v2\/posts\/18131","targetHints":{"allow":["GET"]}}],"collection":[{"href":"https:\/\/mediarun.com\/pl\/wp-json\/wp\/v2\/posts"}],"about":[{"href":"https:\/\/mediarun.com\/pl\/wp-json\/wp\/v2\/types\/post"}],"author":[{"embeddable":true,"href":"https:\/\/mediarun.com\/pl\/wp-json\/wp\/v2\/users\/1"}],"replies":[{"embeddable":true,"href":"https:\/\/mediarun.com\/pl\/wp-json\/wp\/v2\/comments?post=18131"}],"version-history":[{"count":0,"href":"https:\/\/mediarun.com\/pl\/wp-json\/wp\/v2\/posts\/18131\/revisions"}],"wp:featuredmedia":[{"embeddable":true,"href":"https:\/\/mediarun.com\/pl\/wp-json\/wp\/v2\/media\/18132"}],"wp:attachment":[{"href":"https:\/\/mediarun.com\/pl\/wp-json\/wp\/v2\/media?parent=18131"}],"wp:term":[{"taxonomy":"category","embeddable":true,"href":"https:\/\/mediarun.com\/pl\/wp-json\/wp\/v2\/categories?post=18131"},{"taxonomy":"post_tag","embeddable":true,"href":"https:\/\/mediarun.com\/pl\/wp-json\/wp\/v2\/tags?post=18131"}],"curies":[{"name":"wp","href":"https:\/\/api.w.org\/{rel}","templated":true}]}}