{"id":18129,"date":"2011-03-18T15:19:38","date_gmt":"2011-03-18T14:19:38","guid":{"rendered":"https:\/\/mediarun.com\/index.php\/news-posts\/rekrutacyjno-wizerunkowa-kampania-oriflame-wideo\/"},"modified":"2011-03-18T15:19:38","modified_gmt":"2011-03-18T14:19:38","slug":"rekrutacyjno-wizerunkowa-kampania-oriflame-wideo","status":"publish","type":"post","link":"https:\/\/mediarun.com\/pl\/marketing\/atl\/rekrutacyjno-wizerunkowa-kampania-oriflame-wideo.html","title":{"rendered":"Rekrutacyjno-wizerunkowa kampania Oriflame (wideo)"},"content":{"rendered":"<p>Jej celem jest umocnienie wizerunku marki Oriflame jako firmy oferuj\u0105cej nowoczesne kosmetyki wysokiej jako\u015bci, pozyskanie nowych konsultant&oacute;w i zach\u0119cenie do zakupu produkt&oacute;w Oriflame.<\/p>\n<p>Ka\u017cda nowa osoba, kt&oacute;ra do\u0142\u0105czy do klubu Oriflame w czasie trwania kampanii rekrutacyjnej (tzn. od 21 marca do 1 maja), po spe\u0142nieniu okre\u015blonych warunk&oacute;w, otrzyma z okazji jubileuszowej promocji prezent: kuferek zaprojektowany przez znany duet projektant&oacute;w Paprocki&amp;Brzozowski.<\/p>\n<p>W ramach akcji zaplanowane zosta\u0142y zr&oacute;\u017cnicowane dzia\u0142ania w internecie. W serwisie Facebook oraz stronach oriflame20lat.pl oraz oriflamefashion.pl b\u0119dzie mo\u017cna wzi\u0105\u0107 udzia\u0142 m.in. w quizach i konkursach z atrakcyjnymi nagrodami oraz znale\u017a\u0107 szczeg&oacute;\u0142owe informacje o programie &#8222;Witamy&#8221;, skierowanym do potencjalnych konsultant&oacute;w.<\/p>\n<p>Na stronie oriflame.pl mo\u017cna znale\u017a\u0107 prosty formularz rejestracyjny dla os&oacute;b, kt&oacute;re chc\u0105 sta\u0107 si\u0119 konsultantami Oriflame. Reklamy zach\u0119caj\u0105ce do rozpocz\u0119cia wsp&oacute;\u0142pracy z Oriflame pojawi\u0105 si\u0119 na Onet.pl, NK.pl, Fotka.pl, Grono.pl, Szafa.pl, Fotosik.pl oraz o2.pl.<\/p>\n<p>Akcja b\u0119dzie mia\u0142a wsparcie w postaci kampanii telewizyjnej, w ramach kt&oacute;rej w TVP, TVN, Polsacie, Discovery oraz wybranych kana\u0142ach tematycznych b\u0119d\u0105 emitowane 2 spoty reklamowe: wizerunkowy (15 sekund) oraz rekrutacyjny (10&#8243;).<\/p>\n<p>Za kreacj\u0119 i produkcj\u0119 spotu reklamowego odpowiada agencja reklamowa Epoka, natomiast planowaniem i zakupem medi&oacute;w zaj\u0105\u0142 si\u0119 dom mediowy Media Group.<\/p>\n<p>Kampania potrwa do 18 kwietnia.<\/p>\n","protected":false},"excerpt":{"rendered":"Rozpocz\u0119\u0142a si\u0119 og&oacute;lnopolska kampania rekrutacyjna Oriflame.","protected":false},"author":1,"featured_media":18130,"comment_status":"open","ping_status":"closed","sticky":false,"template":"","format":"standard","meta":{"csco_display_header_overlay":false,"csco_singular_sidebar":"","csco_page_header_type":"","csco_page_load_nextpost":"","csco_post_video_location":[],"csco_post_video_location_hash":"","csco_post_video_url":"","csco_post_video_bg_start_time":0,"csco_post_video_bg_end_time":0,"footnotes":""},"categories":[9642],"tags":[1435,302],"class_list":{"0":"post-18129","1":"post","2":"type-post","3":"status-publish","4":"format-standard","5":"has-post-thumbnail","7":"category-atl","8":"tag-media-group","9":"tag-oriflame-poland","10":"cs-entry","11":"cs-video-wrap"},"_links":{"self":[{"href":"https:\/\/mediarun.com\/pl\/wp-json\/wp\/v2\/posts\/18129","targetHints":{"allow":["GET"]}}],"collection":[{"href":"https:\/\/mediarun.com\/pl\/wp-json\/wp\/v2\/posts"}],"about":[{"href":"https:\/\/mediarun.com\/pl\/wp-json\/wp\/v2\/types\/post"}],"author":[{"embeddable":true,"href":"https:\/\/mediarun.com\/pl\/wp-json\/wp\/v2\/users\/1"}],"replies":[{"embeddable":true,"href":"https:\/\/mediarun.com\/pl\/wp-json\/wp\/v2\/comments?post=18129"}],"version-history":[{"count":0,"href":"https:\/\/mediarun.com\/pl\/wp-json\/wp\/v2\/posts\/18129\/revisions"}],"wp:featuredmedia":[{"embeddable":true,"href":"https:\/\/mediarun.com\/pl\/wp-json\/wp\/v2\/media\/18130"}],"wp:attachment":[{"href":"https:\/\/mediarun.com\/pl\/wp-json\/wp\/v2\/media?parent=18129"}],"wp:term":[{"taxonomy":"category","embeddable":true,"href":"https:\/\/mediarun.com\/pl\/wp-json\/wp\/v2\/categories?post=18129"},{"taxonomy":"post_tag","embeddable":true,"href":"https:\/\/mediarun.com\/pl\/wp-json\/wp\/v2\/tags?post=18129"}],"curies":[{"name":"wp","href":"https:\/\/api.w.org\/{rel}","templated":true}]}}