{"id":18089,"date":"2011-03-21T00:29:25","date_gmt":"2011-03-20T23:29:25","guid":{"rendered":"https:\/\/mediarun.com\/index.php\/news-posts\/henryka-krzywonos-i-justyna-kowalczyk-ludzmi-roku-2010\/"},"modified":"2011-03-21T00:29:25","modified_gmt":"2011-03-20T23:29:25","slug":"henryka-krzywonos-i-justyna-kowalczyk-ludzmi-roku-2010","status":"publish","type":"post","link":"https:\/\/mediarun.com\/pl\/media\/prasa\/henryka-krzywonos-i-justyna-kowalczyk-ludzmi-roku-2010.html","title":{"rendered":"Henryka Krzywonos i Justyna Kowalczyk Lud\u017ami Roku 2010"},"content":{"rendered":"<p>&#8222;W zesz\u0142ym roku nikt spo\u015br&oacute;d nas, Polak&oacute;w, nie pokaza\u0142 lepiej, jak powinien si\u0119 zachowywa\u0107 cz\u0142owiek przyzwoity i ile mo\u017ce osi\u0105gn\u0105\u0107 cz\u0142owiek oddany temu, co robi&#8221; &#8211; napisa\u0142 we wst\u0119pniaku do najnowszego wydania tygodnika redaktor naczelny Tomasz Lis.<\/p>\n<p>Tygodnik Wprost przyznaje tytu\u0142 Cz\u0142owieka Roku od 1991 r. Henryka Krzywonos-Strycharska i Justyna Kowalczyk odbior\u0105 swoje wyr&oacute;\u017cnienia w najbli\u017csz\u0105 \u015brod\u0119 podcza gali w hotelu Intercontinental.<\/p>\n<p>W najnowszym numerze tygodnika z obiema laureatkami rozmawia Piotr Najsztub.<\/p>\n","protected":false},"excerpt":{"rendered":"Redakcja tygodnika Wprost uhonorowa\u0142a tytu\u0142em Cz\u0142owieka Roku 2010 Henryk\u0119 Krzywonos-Strycharsk\u0105 oraz Justyn\u0119 Kowalczyk.","protected":false},"author":1,"featured_media":18090,"comment_status":"open","ping_status":"closed","sticky":false,"template":"","format":"standard","meta":{"csco_display_header_overlay":false,"csco_singular_sidebar":"","csco_page_header_type":"","csco_page_load_nextpost":"","csco_post_video_location":[],"csco_post_video_location_hash":"","csco_post_video_url":"","csco_post_video_bg_start_time":0,"csco_post_video_bg_end_time":0,"footnotes":""},"categories":[9673],"tags":[348],"class_list":{"0":"post-18089","1":"post","2":"type-post","3":"status-publish","4":"format-standard","5":"has-post-thumbnail","7":"category-prasa","8":"tag-wprost","9":"cs-entry","10":"cs-video-wrap"},"_links":{"self":[{"href":"https:\/\/mediarun.com\/pl\/wp-json\/wp\/v2\/posts\/18089","targetHints":{"allow":["GET"]}}],"collection":[{"href":"https:\/\/mediarun.com\/pl\/wp-json\/wp\/v2\/posts"}],"about":[{"href":"https:\/\/mediarun.com\/pl\/wp-json\/wp\/v2\/types\/post"}],"author":[{"embeddable":true,"href":"https:\/\/mediarun.com\/pl\/wp-json\/wp\/v2\/users\/1"}],"replies":[{"embeddable":true,"href":"https:\/\/mediarun.com\/pl\/wp-json\/wp\/v2\/comments?post=18089"}],"version-history":[{"count":0,"href":"https:\/\/mediarun.com\/pl\/wp-json\/wp\/v2\/posts\/18089\/revisions"}],"wp:featuredmedia":[{"embeddable":true,"href":"https:\/\/mediarun.com\/pl\/wp-json\/wp\/v2\/media\/18090"}],"wp:attachment":[{"href":"https:\/\/mediarun.com\/pl\/wp-json\/wp\/v2\/media?parent=18089"}],"wp:term":[{"taxonomy":"category","embeddable":true,"href":"https:\/\/mediarun.com\/pl\/wp-json\/wp\/v2\/categories?post=18089"},{"taxonomy":"post_tag","embeddable":true,"href":"https:\/\/mediarun.com\/pl\/wp-json\/wp\/v2\/tags?post=18089"}],"curies":[{"name":"wp","href":"https:\/\/api.w.org\/{rel}","templated":true}]}}