{"id":180403,"date":"2017-06-02T13:06:28","date_gmt":"2017-06-02T11:06:28","guid":{"rendered":"https:\/\/mediarun.com\/pl\/?p=180403"},"modified":"2017-06-02T13:06:28","modified_gmt":"2017-06-02T11:06:28","slug":"agora-zrezygnowala-z-pap","status":"publish","type":"post","link":"https:\/\/mediarun.com\/pl\/polecamy\/agora-zrezygnowala-z-pap.html","title":{"rendered":"Agora i PAP na wojennej \u015bcie\u017cce &#8211; jest pozew"},"content":{"rendered":"<h2>Od maja br. media Agory SA nie korzystaj\u0105 z serwisu Polskiej Agencji Prasowej &#8211; sp\u00f3\u0142ka zrezygnowa\u0142a z us\u0142ug agencji. 1 czerwca zarz\u0105d PAP zapowiedzia\u0142 jednak, \u017ce pozwie Agor\u0119 SA za bezprawne wykorzystanie tre\u015bci agencji.<\/h2>\n<p>Z ko\u0144cem kwietnia wygas\u0142a umowa mi\u0119dzy Agora SA a Polsk\u0105 Agencj\u0105 Prasow\u0105 &#8211; m.in. &#8222;Gazeta Wyborcza&#8221;, portal Gazeta.pl, Wyborcza.pl, Sport.pl i Tokfm.pl nie maj\u0105 ju\u017c prawa korzysta\u0107 z depesz PAP.<\/p>\n<p>&#8211; Dysponujemy niezwykle rozwini\u0119t\u0105 sieci\u0105 lokalnych redakcji i w niewielkim stopniu korzystali\u015bmy z tre\u015bci oferowanych przez agencj\u0119. Stawiamy te\u017c na model subskrypcji cyfrowych, publikujemy tre\u015bci wyj\u0105tkowe, a do takich materia\u0142y dostarczane przez PAP nie nale\u017c\u0105 &#8211; wyja\u015bnia decyzj\u0119 wydawcy Aleksandra Klich, wice naczelna &#8222;GW&#8221;.<\/p>\n<p>Gazeta.pl przy tre\u015bciach newsowych ma si\u0119 wspomaga\u0107 depeszami Informacyjnej Agencji Radiowej. &#8211; Po przeprowadzeniu analizy \u017ar\u00f3de\u0142 tre\u015bci publikowanych w portalu uznali\u015bmy, \u017ce tre\u015bci oferowane przez PAP nie s\u0105\u00a0 dla nas kluczowe &#8211; wyja\u015bnia Nina Grabo\u015b, dyrektor komunikacji korporacyjnej w Agorze. Wed\u0142ug naszych informacji powodem rozwi\u0105zania umowy z PAP by\u0142y te\u017c oszcz\u0119dno\u015bci.<\/p>\n<p>Tymczasem zarz\u0105d PAP poinformowa\u0142, \u017ce pomimo wyga\u015bni\u0119cia umowy jego zdaniem serwisy internetowe Agory nadal wykorzystuj\u0105 tre\u015bci pochodz\u0105ce z serwis\u00f3w PAP &#8211; i zarz\u0105d agencji pozwie wydawc\u0119. &#8211; Nie b\u0119dziemy tego komentowa\u0107, dop\u00f3ki nie otrzymamy pozwu. Trudno nam jest odnie\u015b\u0107 si\u0119 do tak enigmatycznego komunikatu &#8211; informuje Nina Grabo\u015b.<\/p>\n","protected":false},"excerpt":{"rendered":"Od maja br. media Agory SA nie korzystaj\u0105 z serwisu Polskiej Agencji Prasowej &#8211; sp\u00f3\u0142ka zrezygnowa\u0142a z us\u0142ug&hellip;","protected":false},"author":39,"featured_media":180405,"comment_status":"open","ping_status":"closed","sticky":false,"template":"","format":"standard","meta":{"csco_display_header_overlay":false,"csco_singular_sidebar":"","csco_page_header_type":"","csco_page_load_nextpost":"","csco_post_video_location":[],"csco_post_video_location_hash":"","csco_post_video_url":"","csco_post_video_bg_start_time":0,"csco_post_video_bg_end_time":0,"footnotes":""},"categories":[9673,9668,4642],"tags":[7368,314],"class_list":{"0":"post-180403","1":"post","2":"type-post","3":"status-publish","4":"format-standard","5":"has-post-thumbnail","7":"category-prasa","8":"category-media","9":"category-polecamy","10":"tag-agora-sa","11":"tag-pap","12":"cs-entry","13":"cs-video-wrap"},"_links":{"self":[{"href":"https:\/\/mediarun.com\/pl\/wp-json\/wp\/v2\/posts\/180403","targetHints":{"allow":["GET"]}}],"collection":[{"href":"https:\/\/mediarun.com\/pl\/wp-json\/wp\/v2\/posts"}],"about":[{"href":"https:\/\/mediarun.com\/pl\/wp-json\/wp\/v2\/types\/post"}],"author":[{"embeddable":true,"href":"https:\/\/mediarun.com\/pl\/wp-json\/wp\/v2\/users\/39"}],"replies":[{"embeddable":true,"href":"https:\/\/mediarun.com\/pl\/wp-json\/wp\/v2\/comments?post=180403"}],"version-history":[{"count":0,"href":"https:\/\/mediarun.com\/pl\/wp-json\/wp\/v2\/posts\/180403\/revisions"}],"wp:featuredmedia":[{"embeddable":true,"href":"https:\/\/mediarun.com\/pl\/wp-json\/wp\/v2\/media\/180405"}],"wp:attachment":[{"href":"https:\/\/mediarun.com\/pl\/wp-json\/wp\/v2\/media?parent=180403"}],"wp:term":[{"taxonomy":"category","embeddable":true,"href":"https:\/\/mediarun.com\/pl\/wp-json\/wp\/v2\/categories?post=180403"},{"taxonomy":"post_tag","embeddable":true,"href":"https:\/\/mediarun.com\/pl\/wp-json\/wp\/v2\/tags?post=180403"}],"curies":[{"name":"wp","href":"https:\/\/api.w.org\/{rel}","templated":true}]}}