{"id":18019,"date":"2011-03-22T11:17:15","date_gmt":"2011-03-22T10:17:15","guid":{"rendered":"https:\/\/mediarun.com\/index.php\/news-posts\/rusza-telewizja-sniadaniowa-w-itv\/"},"modified":"2011-03-22T11:17:15","modified_gmt":"2011-03-22T10:17:15","slug":"rusza-telewizja-sniadaniowa-w-itv","status":"publish","type":"post","link":"https:\/\/mediarun.com\/pl\/media\/tv\/rusza-telewizja-sniadaniowa-w-itv.html","title":{"rendered":"Rusza telewizja \u015bniadaniowa w iTV"},"content":{"rendered":"<p>Godzinny program &#8222;\u015aniadanie z iTV&#8221; jest nadawany codziennie (od poniedzia\u0142ku do pi\u0105tku) o godz. 9.00.<\/p>\n<p>&#8211; &#8222;\u015aniadanie z iTV&#8221; to nowy program lifestylowy z elementami poradnika. Program swoj\u0105 formu\u0142\u0105  b\u0119dzie nawi\u0105zywa\u0142 do najlepszych wzorc&oacute;w \u015bwiatowych &#8211; m&oacute;wi Agnieszka Bobrukiewicz, kt&oacute;ra w telewizji <a href=\" \thttp:\/\/dlafirm.mediarun.pl\/katalog\/firma\/itv---telestar,6528,1.html\" target=\"_blank\">iTV <\/a>pe\u0142ni funkcj\u0119 dyrektora programowego stacji.<\/p>\n<p>W porannym magazynie znalaz\u0142y swoje miejsce r&oacute;\u017cnego rodzaju porady eksperckie. Widzowie b\u0119d\u0105 mieli okazj\u0119 zadba\u0107 o swoj\u0105 sylwetk\u0119, skorzysta\u0107 z rad dietetyka, zadba\u0107 o urod\u0119, skorzysta\u0107 z rad dermatologa, uzyska\u0107 porad\u0119 psychologa, zaplanowa\u0107 wyjazd, przeanalizowa\u0107 wraz z gospodarzami programu pras\u0119 codzienn\u0105 oraz tygodniki. Ka\u017cdy b\u0119dzie m&oacute;g\u0142 pozna\u0107 horoskop dla swojego znaku zodiaku na dany dzie\u0144. Nie zabraknie r&oacute;wnie\u017c konkurs&oacute;w z atrakcyjnymi nagrodami.<\/p>\n<p>Program poprowadz\u0105 wymiennie dwa duety: Marta Matyjasik (na zdj\u0119ciu) i Dariusz Bubienko oraz Agnieszka Kordek &amp; Mateusz Kurdziel.<\/p>\n","protected":false},"excerpt":{"rendered":"Kana\u0142 iTV wprowadza do swojej ram&oacute;wki poranne pasmo \u015bniadaniowe, kt&oacute;re poprowadz\u0105 wymiennie dwa duety: Marta Matyjasik i Dariusz Bubienko oraz Agnieszka Kordek i Mateusz Kurdziel.","protected":false},"author":1,"featured_media":18020,"comment_status":"open","ping_status":"closed","sticky":false,"template":"","format":"standard","meta":{"csco_display_header_overlay":false,"csco_singular_sidebar":"","csco_page_header_type":"","csco_page_load_nextpost":"","csco_post_video_location":[],"csco_post_video_location_hash":"","csco_post_video_url":"","csco_post_video_bg_start_time":0,"csco_post_video_bg_end_time":0,"footnotes":""},"categories":[9670],"tags":[533],"class_list":{"0":"post-18019","1":"post","2":"type-post","3":"status-publish","4":"format-standard","5":"has-post-thumbnail","7":"category-tv","8":"tag-itv","9":"cs-entry","10":"cs-video-wrap"},"_links":{"self":[{"href":"https:\/\/mediarun.com\/pl\/wp-json\/wp\/v2\/posts\/18019","targetHints":{"allow":["GET"]}}],"collection":[{"href":"https:\/\/mediarun.com\/pl\/wp-json\/wp\/v2\/posts"}],"about":[{"href":"https:\/\/mediarun.com\/pl\/wp-json\/wp\/v2\/types\/post"}],"author":[{"embeddable":true,"href":"https:\/\/mediarun.com\/pl\/wp-json\/wp\/v2\/users\/1"}],"replies":[{"embeddable":true,"href":"https:\/\/mediarun.com\/pl\/wp-json\/wp\/v2\/comments?post=18019"}],"version-history":[{"count":0,"href":"https:\/\/mediarun.com\/pl\/wp-json\/wp\/v2\/posts\/18019\/revisions"}],"wp:featuredmedia":[{"embeddable":true,"href":"https:\/\/mediarun.com\/pl\/wp-json\/wp\/v2\/media\/18020"}],"wp:attachment":[{"href":"https:\/\/mediarun.com\/pl\/wp-json\/wp\/v2\/media?parent=18019"}],"wp:term":[{"taxonomy":"category","embeddable":true,"href":"https:\/\/mediarun.com\/pl\/wp-json\/wp\/v2\/categories?post=18019"},{"taxonomy":"post_tag","embeddable":true,"href":"https:\/\/mediarun.com\/pl\/wp-json\/wp\/v2\/tags?post=18019"}],"curies":[{"name":"wp","href":"https:\/\/api.w.org\/{rel}","templated":true}]}}