{"id":18011,"date":"2011-03-22T14:05:59","date_gmt":"2011-03-22T13:05:59","guid":{"rendered":"https:\/\/mediarun.com\/index.php\/news-posts\/dziennikarze-faktu-wydali-ksiazke-o-smolensku\/"},"modified":"2011-03-22T14:05:59","modified_gmt":"2011-03-22T13:05:59","slug":"dziennikarze-faktu-wydali-ksiazke-o-smolensku","status":"publish","type":"post","link":"https:\/\/mediarun.com\/pl\/media\/prasa\/dziennikarze-faktu-wydali-ksiazke-o-smolensku.html","title":{"rendered":"Dziennikarze Faktu wydali ksi\u0105\u017ck\u0119 o Smole\u0144sku"},"content":{"rendered":"<p>Autorzy zapowiadaj\u0105, \u017ce ksi\u0105\u017cka zawiera nieznane fakty, nigdy niepublikowane zdj\u0119cia, wzruszaj\u0105ce historie pasa\u017cer&oacute;w tupolewa i ich rodzin oraz rysunki i schematy, obrazuj\u0105ce, jak dosz\u0142o do katastrofy. Piotr Bugajski i Jerzy Kubrak, na podstawie wszystkich dost\u0119pnych dokument&oacute;w i relacji, ze szczeg&oacute;\u0142ami opisuj\u0105, co dzia\u0142o si\u0119 przed katastrof\u0105 i tu\u017c po niej.<\/p>\n<p>&#8211; Z powodzi sprzecznych i cz\u0119sto nieprawdziwych informacji, jakie od prawie roku docieraj\u0105 do nas na temat tragedii smole\u0144skiej, wy\u0142uskali\u015bmy same fakty i uporz\u0105dkowali\u015bmy ca\u0142\u0105 dost\u0119pn\u0105 wiedz\u0119 o tym wstrz\u0105saj\u0105cym wydarzeniu. Na podstawie rozm&oacute;w, kt&oacute;re przeprowadzili\u015bmy, i relacji \u015bwiadk&oacute;w odtworzyli\u015bmy, co dzia\u0142o si\u0119 na miejscu katastrofy. Zrekonstruowali\u015bmy te\u017c dramatyczne chwile, gdy informacja o tragedii dotar\u0142a do Polski i do rodzin ofiar &#8211; m&oacute;wi wsp&oacute;\u0142autor ksi\u0105\u017cki Piotr Bugajski, zast\u0119pca redaktora naczelnego <a href=\"http:\/\/dlafirm.mediarun.pl\/katalog\/firma\/fakt---wydawnictwo-axel-springer-polska,4427,1.html\" target=\"_blank\" rel=\"noopener\">Faktu<\/a>.<\/p>\n<p>Ksi\u0105\u017cka opowiada tak\u017ce o trudnych momentach, gdy rodziny ofiar identyfikowa\u0142y w Moskwie swoich bliskich. Obszernie opisuje r&oacute;wnie\u017c okoliczno\u015bci, w jakich zapad\u0142a decyzja o poch&oacute;wku Lecha Kaczy\u0144skiego na Wawelu. Fotografie zajmuj\u0105 niemal po\u0142ow\u0119 obj\u0119to\u015bci ksi\u0105\u017cki.<\/p>\n<p>&#8211; Wiele z nich jest publikowanych po raz pierwszy. Pokazuj\u0105 op\u0142akany stan lotniska w Smole\u0144sku, zniszczenia i rozmiary katastrofy, a tak\u017ce wstrz\u0105saj\u0105ce chwile wywo\u017cenia ofiar z miejsca tragedii, w tym trumny z prezydentem Kaczy\u0144skim &#8211; m&oacute;wi autor projektu graficznego ksi\u0105\u017cki i dyrektor artystyczny Faktu Piotr Grzybowski.<\/p>\n<p>&#8222;Ca\u0142a prawda o Smole\u0144sku&#8221; zosta\u0142a wydrukowana na wysokiej jako\u015bci papierze, ma 148 stron i dodatkowo rozk\u0142adan\u0105 wk\u0142adk\u0119 ze schematami, obrazuj\u0105cymi moment katastrofy. Ksi\u0105\u017cka b\u0119dzie dost\u0119pna w punktach dystrybucji prasy oraz wybranych ksi\u0119garniach w cenie 16 z\u0142<\/p>\n","protected":false},"excerpt":{"rendered":"W sobot\u0119 26 marca na rynku uka\u017ce si\u0119 ksi\u0105\u017cka &#8222;Ca\u0142a prawda o Smole\u0144sku. Rekonstrukcja zdarze\u0144&#8221; napisana przez dziennikarzy Faktu, Piotra Bugajskiego i Jerzego Kubraka.","protected":false},"author":1,"featured_media":18012,"comment_status":"open","ping_status":"closed","sticky":false,"template":"","format":"standard","meta":{"csco_display_header_overlay":false,"csco_singular_sidebar":"","csco_page_header_type":"","csco_page_load_nextpost":"","csco_post_video_location":[],"csco_post_video_location_hash":"","csco_post_video_url":"","csco_post_video_bg_start_time":0,"csco_post_video_bg_end_time":0,"footnotes":""},"categories":[9673],"tags":[125,126],"class_list":{"0":"post-18011","1":"post","2":"type-post","3":"status-publish","4":"format-standard","5":"has-post-thumbnail","7":"category-prasa","8":"tag-fakt","9":"tag-ringier-axel-springer","10":"cs-entry","11":"cs-video-wrap"},"_links":{"self":[{"href":"https:\/\/mediarun.com\/pl\/wp-json\/wp\/v2\/posts\/18011","targetHints":{"allow":["GET"]}}],"collection":[{"href":"https:\/\/mediarun.com\/pl\/wp-json\/wp\/v2\/posts"}],"about":[{"href":"https:\/\/mediarun.com\/pl\/wp-json\/wp\/v2\/types\/post"}],"author":[{"embeddable":true,"href":"https:\/\/mediarun.com\/pl\/wp-json\/wp\/v2\/users\/1"}],"replies":[{"embeddable":true,"href":"https:\/\/mediarun.com\/pl\/wp-json\/wp\/v2\/comments?post=18011"}],"version-history":[{"count":0,"href":"https:\/\/mediarun.com\/pl\/wp-json\/wp\/v2\/posts\/18011\/revisions"}],"wp:featuredmedia":[{"embeddable":true,"href":"https:\/\/mediarun.com\/pl\/wp-json\/wp\/v2\/media\/18012"}],"wp:attachment":[{"href":"https:\/\/mediarun.com\/pl\/wp-json\/wp\/v2\/media?parent=18011"}],"wp:term":[{"taxonomy":"category","embeddable":true,"href":"https:\/\/mediarun.com\/pl\/wp-json\/wp\/v2\/categories?post=18011"},{"taxonomy":"post_tag","embeddable":true,"href":"https:\/\/mediarun.com\/pl\/wp-json\/wp\/v2\/tags?post=18011"}],"curies":[{"name":"wp","href":"https:\/\/api.w.org\/{rel}","templated":true}]}}