{"id":180029,"date":"2017-05-11T15:26:43","date_gmt":"2017-05-11T13:26:43","guid":{"rendered":"https:\/\/mediarun.com\/pl\/?p=180029"},"modified":"2017-05-11T15:26:43","modified_gmt":"2017-05-11T13:26:43","slug":"rynek-reklamy-radiowej-pierwszym-kwartale-plusie","status":"publish","type":"post","link":"https:\/\/mediarun.com\/pl\/marketing\/rynek-reklamy-radiowej-pierwszym-kwartale-plusie.html","title":{"rendered":"Rynek reklamy radiowej w pierwszym kwartale na plusie"},"content":{"rendered":"<h2>Cennikowe wp\u0142ywy reklamowe stacji radiowych w pierwszym kwartale br. wzros\u0142y o 9 proc. w por\u00f3wnaniu z analogicznym okresem rok wcze\u015bniej. W rzeczywisto\u015bci wzrost m\u00f3g\u0142 wynie\u015b\u0107 ok. 1-5,-1,8 proc.<\/h2>\n<p>\u2013 Trzeba sobie jasno powiedzie\u0107, \u017ce pierwszy kwarta\u0142 2017 roku by\u0142 dla radia okresem wyhamowania dynamiki wzrostu. Wed\u0142ug naszych estymacji co prawda radio nadal lekko uros\u0142o, bo szacujemy ok. 1,5-1,8 procent rok do roku, ale miewali\u015bmy lepsze okresy \u2013 uwa\u017ca Tomasz Ramza, dyrektor generalny dzia\u0142u sprzeda\u017cy Grupy RMF. Wed\u0142ug niego wydatki zmniejszy\u0142 segment agencyjny (o 1,2 proc.). \u2013 To klienci bezpo\u015bredni stacji radiowych, kt\u00f3rzy zdecydowali si\u0119 inwestowa\u0107 znacz\u0105co wi\u0119cej \u2013 wed\u0142ug nas ok. 7,5 procent \u2013 zrobili t\u0119 dodatni\u0105 dynamik\u0119 \u2013 dodaje Ramza.<\/p>\n<p>Tomasz Ramza zwraca uwag\u0119, \u017ce baza odniesienia, czyli pierwszy kwarta\u0142 2016 roku, by\u0142a bardzo wysoko. \u2013 Wyj\u0105tkowo dobry pierwszy kwarta\u0142 2016 roku nas pozytywnie zaskoczy\u0142 i mog\u0119 powiedzie\u0107, \u017ce nie notowali\u015bmy nigdy wcze\u015bniej takich wynik\u00f3w. Ogromnym wi\u0119c wyzwaniem by\u0142o poprawi\u0107 ten rezultat. Uda\u0142o si\u0119 nieznacznie, ale bior\u0105c pod uwag\u0119, \u017ce bud\u017cety klient\u00f3w nie s\u0105 z gumy, to \u015bmia\u0142o mog\u0119 powiedzie\u0107, \u017ce w tej sytuacji nawet wynik utrzymania obrot\u00f3w by\u0142by sukcesem. Tutaj jako rynek, zrobili\u015bmy ma\u0142y krok do przodu \u2013 komentuje szef sprzeda\u017cy Grupy RMF.<br \/>\nZ danych Kantar Media wynika, \u017ce cennikowe przychody reklamowe stacji obj\u0119tych monitoringiem w pierwszym kwartale br. uros\u0142y o 9 proc. w por\u00f3wnaniu z pierwszym kwarta\u0142em ub.r.<\/p>\n<p>Wp\u0142ywy z tego tytu\u0142u zwi\u0119kszy\u0142y: Grupa RMF \u2013 o 14,3 proc. (do 593,9 mln z\u0142), Grupa Radiowa Time \u2013 o 23,9 proc. (do 252,4 mln z\u0142), Grupa Radiowa Agory \u2013 o 9,8 proc. (do 213,2 mln z\u0142) i Polskie Radio \u2013 o 9,3 proc. (do 185,7 mln z\u0142). Z kolei Eurozet zmniejszy\u0142 cennikowe przychody o 11,1 proc. (do 277,9 mln z\u0142).<\/p>\n<p>W radiu najbardziej aktywny by\u0142 handel, firmy z tego sektora wyda\u0142y na reklam\u0119 472,1 mln z\u0142, tj. o 13,7 proc. wi\u0119cej, ni\u017c rok wcze\u015bniej). Dalej by\u0142a bran\u017ca farmaceutyczna (wzrost o 12,6 proc., do 415,9 mln z\u0142) i motoryzacyjna (wzrost o 9,1 proc., do 168,9 mln z\u0142.<\/p>\n","protected":false},"excerpt":{"rendered":"Cennikowe wp\u0142ywy reklamowe stacji radiowych w pierwszym kwartale br. wzros\u0142y o 9 proc. w por\u00f3wnaniu z analogicznym okresem&hellip;","protected":false},"author":39,"featured_media":180031,"comment_status":"open","ping_status":"closed","sticky":false,"template":"","format":"standard","meta":{"csco_display_header_overlay":false,"csco_singular_sidebar":"","csco_page_header_type":"","csco_page_load_nextpost":"","csco_post_video_location":[],"csco_post_video_location_hash":"","csco_post_video_url":"","csco_post_video_bg_start_time":0,"csco_post_video_bg_end_time":0,"footnotes":""},"categories":[9639],"tags":[],"class_list":{"0":"post-180029","1":"post","2":"type-post","3":"status-publish","4":"format-standard","5":"has-post-thumbnail","7":"category-marketing","8":"cs-entry","9":"cs-video-wrap"},"_links":{"self":[{"href":"https:\/\/mediarun.com\/pl\/wp-json\/wp\/v2\/posts\/180029","targetHints":{"allow":["GET"]}}],"collection":[{"href":"https:\/\/mediarun.com\/pl\/wp-json\/wp\/v2\/posts"}],"about":[{"href":"https:\/\/mediarun.com\/pl\/wp-json\/wp\/v2\/types\/post"}],"author":[{"embeddable":true,"href":"https:\/\/mediarun.com\/pl\/wp-json\/wp\/v2\/users\/39"}],"replies":[{"embeddable":true,"href":"https:\/\/mediarun.com\/pl\/wp-json\/wp\/v2\/comments?post=180029"}],"version-history":[{"count":0,"href":"https:\/\/mediarun.com\/pl\/wp-json\/wp\/v2\/posts\/180029\/revisions"}],"wp:featuredmedia":[{"embeddable":true,"href":"https:\/\/mediarun.com\/pl\/wp-json\/wp\/v2\/media\/180031"}],"wp:attachment":[{"href":"https:\/\/mediarun.com\/pl\/wp-json\/wp\/v2\/media?parent=180029"}],"wp:term":[{"taxonomy":"category","embeddable":true,"href":"https:\/\/mediarun.com\/pl\/wp-json\/wp\/v2\/categories?post=180029"},{"taxonomy":"post_tag","embeddable":true,"href":"https:\/\/mediarun.com\/pl\/wp-json\/wp\/v2\/tags?post=180029"}],"curies":[{"name":"wp","href":"https:\/\/api.w.org\/{rel}","templated":true}]}}