{"id":17973,"date":"2011-03-22T22:08:55","date_gmt":"2011-03-22T21:08:55","guid":{"rendered":"https:\/\/mediarun.com\/index.php\/news-posts\/sar-ma-nowego-prezesa\/"},"modified":"2011-03-22T22:08:55","modified_gmt":"2011-03-22T21:08:55","slug":"sar-ma-nowego-prezesa","status":"publish","type":"post","link":"https:\/\/mediarun.com\/pl\/marketing\/atl\/sar-ma-nowego-prezesa.html","title":{"rendered":"SAR ma nowego prezesa"},"content":{"rendered":"<p>W wyniku g\u0142osowania nowym prezesem zosta\u0142 Tomasz Ba\u0142uk, CEO Ogilvy Group Poland. Zast\u0105pi\u0142 na tym stanowisku Ann\u0119 Lubowsk\u0105, kt&oacute;ra kierowa\u0142a stowarzyszeniem od 2009 roku.<\/p>\n<p>&#8211; Moj\u0105 ambicj\u0105 jest aby SAR i stowarzyszone w nim firmy determinowa\u0142y zmiany, kt&oacute;rym podlega obecnie rynek reklamowy. Jednym z najwa\u017cniejszych element&oacute;w prowadz\u0105cych do osi\u0105gni\u0119cia osi\u0105gni\u0119cia tego celu jest budowa struktur aktywnych cz\u0142onk&oacute;w stowarzyszenia, kt&oacute;re maj\u0105 odzwierciedla\u0107 struktury firm cz\u0142onkowskich &#8211; podkre\u015bla Tomasz Ba\u0142uk. &#8211; Zale\u017cy mi na tym, \u017ceby zaanga\u017cowa\u0107 firmy zajmuj\u0105ce si\u0119 r&oacute;\u017cnymi formami komunikacji, chcia\u0142bym te\u017c zwi\u0119kszy\u0107 udzia\u0142 agencji lokalnych w projektach i aktywno\u015bciach stowarzyszenia.<\/p>\n<p>W trakcie walnego zgromadzenia wybrano r&oacute;wnie\u017c dw&oacute;ch nowych cz\u0142onk&oacute;w zarz\u0105du spo\u015br&oacute;d os&oacute;b, kt&oacute;re zadeklarowa\u0142y ch\u0119\u0107 startu w wyborach.<\/p>\n<p>Przemys\u0142aw Bogdanowicz, chief creative officer w BBDO Warszawa, zast\u0105pi\u0142 Kota Przybor\u0119, dyrektora kreatywnego PZL, kt&oacute;ry zrezygnowa\u0142 z funkcji prezesa KTR (co oznacza\u0142o to r&oacute;wnie\u017c rezygnacj\u0119 ze stanowiska w zarz\u0105dzie SAR), a Magdalena Czaja, prezes zarz\u0105du San Markos, S\u0142awomira St\u0119pniewskiego, prezesa Hypermedia Isobar, kt&oacute;ry zrezygnowa\u0142 z funkcji cz\u0142onka zarz\u0105du SAR.<\/p>\n<p>Do stowarzyszeni przyj\u0119to r&oacute;wnie\u017c nowych cz\u0142onk&oacute;w wspieraj\u0105cych, kt&oacute;rymi zosta\u0142y agencje: Malum, Ars Thanea, Szwejkowski, Hand Made oraz dom mediowy Arena Media Communications.<\/p>\n<p><strong>Przeczytaj tak\u017ce:<br \/><a href=\"http:\/\/wiadomosci.mediarun.pl\/artykul\/reklama,anna-lubowska-moj-czas-minal-wywiad,38799,2,1,1.html\" target=\"_blank\" rel=\"noopener\">Anna Lubowska: m&oacute;j czas min\u0105\u0142 (wywiad)<\/a><\/strong><\/p>\n","protected":false},"excerpt":{"rendered":"22 marca, podczas walnego zgromadzenia Stowarzyszenia Komunikacji Marketingowej SAR, wybrano nowego prezesa oraz uzupe\u0142niono sk\u0142ad zarz\u0105du.","protected":false},"author":1,"featured_media":17974,"comment_status":"open","ping_status":"closed","sticky":false,"template":"","format":"standard","meta":{"csco_display_header_overlay":false,"csco_singular_sidebar":"","csco_page_header_type":"","csco_page_load_nextpost":"","csco_post_video_location":[],"csco_post_video_location_hash":"","csco_post_video_url":"","csco_post_video_bg_start_time":0,"csco_post_video_bg_end_time":0,"footnotes":""},"categories":[9642],"tags":[144],"class_list":{"0":"post-17973","1":"post","2":"type-post","3":"status-publish","4":"format-standard","5":"has-post-thumbnail","7":"category-atl","8":"tag-sar","9":"cs-entry","10":"cs-video-wrap"},"_links":{"self":[{"href":"https:\/\/mediarun.com\/pl\/wp-json\/wp\/v2\/posts\/17973","targetHints":{"allow":["GET"]}}],"collection":[{"href":"https:\/\/mediarun.com\/pl\/wp-json\/wp\/v2\/posts"}],"about":[{"href":"https:\/\/mediarun.com\/pl\/wp-json\/wp\/v2\/types\/post"}],"author":[{"embeddable":true,"href":"https:\/\/mediarun.com\/pl\/wp-json\/wp\/v2\/users\/1"}],"replies":[{"embeddable":true,"href":"https:\/\/mediarun.com\/pl\/wp-json\/wp\/v2\/comments?post=17973"}],"version-history":[{"count":0,"href":"https:\/\/mediarun.com\/pl\/wp-json\/wp\/v2\/posts\/17973\/revisions"}],"wp:featuredmedia":[{"embeddable":true,"href":"https:\/\/mediarun.com\/pl\/wp-json\/wp\/v2\/media\/17974"}],"wp:attachment":[{"href":"https:\/\/mediarun.com\/pl\/wp-json\/wp\/v2\/media?parent=17973"}],"wp:term":[{"taxonomy":"category","embeddable":true,"href":"https:\/\/mediarun.com\/pl\/wp-json\/wp\/v2\/categories?post=17973"},{"taxonomy":"post_tag","embeddable":true,"href":"https:\/\/mediarun.com\/pl\/wp-json\/wp\/v2\/tags?post=17973"}],"curies":[{"name":"wp","href":"https:\/\/api.w.org\/{rel}","templated":true}]}}