{"id":17955,"date":"2011-03-23T13:14:09","date_gmt":"2011-03-23T12:14:09","guid":{"rendered":"https:\/\/mediarun.com\/index.php\/news-posts\/glamour-ma-8-lat\/"},"modified":"2011-03-23T13:14:09","modified_gmt":"2011-03-23T12:14:09","slug":"glamour-ma-8-lat","status":"publish","type":"post","link":"https:\/\/mediarun.com\/pl\/media\/prasa\/glamour-ma-8-lat.html","title":{"rendered":"Glamour ma 8 lat"},"content":{"rendered":"<p>16 kwietnia <a href=\"http:\/\/dlafirm.mediarun.pl\/katalog\/firma\/glamour---wydawnictwo-g+j-media,5181,1.html\" target=\"_blank\" rel=\"noopener\">Glamour<\/a> zaprasza na specjalne zakupy w ca\u0142ej Polsce. W tym dniu, dzi\u0119ki specjalnej karcie rabatowej, do\u0142\u0105czonej do kwietniowego numeru, b\u0119dzie mo\u017cna kupowa\u0107 ubrania, kosmetyki i akcesoria nawet z 50 proc. rabatem. W tym roku po raz pierwszy, poza sklepami, w akcji bior\u0105 udzia\u0142 punkty us\u0142ugowe, m.in. restauracje. W akcji bierze udzia\u0142 128 marek i ponad 3 000 punkt&oacute;w sprzeda\u017cy.<\/p>\n<p>W ten spos&oacute;b miesi\u0119cznik Glamour \u015bwi\u0119tuje z czytelniczkami swoje &oacute;sme urodziny. W numerze nie zabraknie felieton&oacute;w Marcina Prokopa i Anny Wendzikowskiej, kt&oacute;ra od marca br. ma tu swoj\u0105 rubryk\u0119, a tak\u017ce informacji na temat mody, urody i stylu \u017cycia.<\/p>\n<p>Magazyn jest dost\u0119pny na rynku od 24 marca. Nak\u0142ad wydania wynosi 300 tys. egzemplarzy, a liczba stron zosta\u0142a zwi\u0119kszona ze \u015brednio 176 do 208.<\/p>\n<p>Numer wspiera kampania reklamowa w telewizji (TVN, TVN Style, TVN 7, TV 4, Polsat, Polsat Cafe, At Media), radiu (Radio Zet, Radio Eska, RMF FM), w internecie (wp.pl) oraz w tytu\u0142ach w\u0142asnych G+J (Gala, Claudia, Naj Magazyn). Zakup medi&oacute;w powierzono domowi mediowemu Starcom, a w tytu\u0142ach w\u0142asnych kampani\u0119 przygotowa\u0142 dzia\u0142 marketingu G+J.<\/p>\n<p>Wed\u0142ug danych ZKDP, rozpowszechnienie p\u0142atne razem miesi\u0119cznika Glamour wynios\u0142o w grudniu 2010 r. 217 798 egz. Magazyn zanotowa\u0142 8,9 proc. spadku w por&oacute;wnaniu do grudnia 2009 r.<\/p>\n","protected":false},"excerpt":{"rendered":"Magazyn Glamour zaprasza swoje czytelniczki na &oacute;smy Narodowy Dzie\u0144 Glamour. To coroczne \u015bwi\u0119to mi\u0142o\u015bniczek mody i zakup&oacute;w.","protected":false},"author":1,"featured_media":17956,"comment_status":"open","ping_status":"closed","sticky":false,"template":"","format":"standard","meta":{"csco_display_header_overlay":false,"csco_singular_sidebar":"","csco_page_header_type":"","csco_page_load_nextpost":"","csco_post_video_location":[],"csco_post_video_location_hash":"","csco_post_video_url":"","csco_post_video_bg_start_time":0,"csco_post_video_bg_end_time":0,"footnotes":""},"categories":[9673],"tags":[941],"class_list":{"0":"post-17955","1":"post","2":"type-post","3":"status-publish","4":"format-standard","5":"has-post-thumbnail","7":"category-prasa","8":"tag-glamour","9":"cs-entry","10":"cs-video-wrap"},"_links":{"self":[{"href":"https:\/\/mediarun.com\/pl\/wp-json\/wp\/v2\/posts\/17955","targetHints":{"allow":["GET"]}}],"collection":[{"href":"https:\/\/mediarun.com\/pl\/wp-json\/wp\/v2\/posts"}],"about":[{"href":"https:\/\/mediarun.com\/pl\/wp-json\/wp\/v2\/types\/post"}],"author":[{"embeddable":true,"href":"https:\/\/mediarun.com\/pl\/wp-json\/wp\/v2\/users\/1"}],"replies":[{"embeddable":true,"href":"https:\/\/mediarun.com\/pl\/wp-json\/wp\/v2\/comments?post=17955"}],"version-history":[{"count":0,"href":"https:\/\/mediarun.com\/pl\/wp-json\/wp\/v2\/posts\/17955\/revisions"}],"wp:featuredmedia":[{"embeddable":true,"href":"https:\/\/mediarun.com\/pl\/wp-json\/wp\/v2\/media\/17956"}],"wp:attachment":[{"href":"https:\/\/mediarun.com\/pl\/wp-json\/wp\/v2\/media?parent=17955"}],"wp:term":[{"taxonomy":"category","embeddable":true,"href":"https:\/\/mediarun.com\/pl\/wp-json\/wp\/v2\/categories?post=17955"},{"taxonomy":"post_tag","embeddable":true,"href":"https:\/\/mediarun.com\/pl\/wp-json\/wp\/v2\/tags?post=17955"}],"curies":[{"name":"wp","href":"https:\/\/api.w.org\/{rel}","templated":true}]}}