{"id":179012,"date":"2017-03-15T14:59:58","date_gmt":"2017-03-15T13:59:58","guid":{"rendered":"https:\/\/mediarun.com\/pl\/?p=179012"},"modified":"2017-03-22T21:35:19","modified_gmt":"2017-03-22T20:35:19","slug":"zmiany-magazynie-instyle","status":"publish","type":"post","link":"https:\/\/mediarun.com\/pl\/ludzie\/kariera\/zmiany-magazynie-instyle.html","title":{"rendered":"Zmiany w magazynie InStyle"},"content":{"rendered":"<h3 style=\"text-align: justify;\"><strong>Dorota Luba\u0144ska zosta\u0142a zast\u0119pc\u0105 redaktor naczelnej, Maja Chitro sekretarzem redakcji, Justyna Moraczewska szefow\u0105 dzia\u0142u uroda, a Daria Biedrzycka szefow\u0105 dzia\u0142u mody w wydawanym przez Burda International Polska Magazynie InStyle.<\/strong><\/h3>\n<p style=\"text-align: justify;\">Dorota Luba\u0144ska przez ostatnie 4 lata pe\u0142ni\u0142a obowi\u0105zki sekretarz redakcji w Glamour. Wcze\u015bniej by\u0142a wice naczeln\u0105 w Cosmopolitan i Bravo Girl! oraz\u00a0szefowa\u0142a dzia\u0142om psychologii w Shape,\u00a0SHE i Cosmopolitan.<\/p>\n<p style=\"text-align: justify;\">Maja Chitro swoj\u0105 karier\u0119 w mediach zacz\u0119\u0142a w 2010 roku w magazynie K MAG. Wsp\u00f3\u0142pracowa\u0142a z Kukbukiem, Design Alive, Kikimora, Monitor Magazine, L\u2019Officiel Polska, naTemat. W latach 2014-1016 by\u0142a redaktor naczeln\u0105 opiniotw\u00f3rczego magazynu o kulturze i stylu \u017cycia \u201center the ROOM\u201d.<\/p>\n<p style=\"text-align: justify;\">Justyna Moraczewska\u00a0w latach\u00a02003-2016\u00a0szefowa\u0142a dzia\u0142owi mody w Cosmopolitan i przez dwa lata\u00a0(2013-2015) w magazynie JOY. Odpowiada\u0142a <a href=\"http:\/\/m.in\/\">m.in<\/a>.\u00a0za ca\u0142y kontent modowy, sesje z gwiazdami \u2013 w tym wszystkie ok\u0142adkowe \u2013 i projekty specjalne (sesje zdj\u0119ciowe) dla klient\u00f3w z segmentu beauty.<\/p>\n<p style=\"text-align: justify;\">Daria Biedrzycka z redakcj\u0105 Instyle zwi\u0105zana jest od 2012 roku. To w\u0142a\u015bnie tu, od sta\u017cu 5 lat temu, zacz\u0119\u0142a swoj\u0105 przygod\u0119 z mod\u0105. Od tamtej pory przesz\u0142a przez wszystkie etapy \u2013\u00a0od asystentki, przez stylistk\u0119,\u00a0a\u017c po szefa dzia\u0142u. Jej pasj\u0105 jest moda, pracuje przy sesjach zdj\u0119ciowych z polskimi gwiazdami oraz top modelkami, wsp\u00f3\u0142pracuje r\u00f3wnie\u017c z markami odzie\u017cowymi przy tworzeniu ich kampanii wizerunkowych.<\/p>\n<p style=\"text-align: justify;\">Dotychczasowa szefowa dzia\u0142u urody, Alicja Werniewicz, rozsta\u0142a si\u0119 z Wydawnictwem. Dotychczasowa zast\u0119pca redaktor naczelnej, Katarzyna D\u0105browska przesz\u0142a na stanowisko sekretarza redakcji w Gali (Burda International Polska).<\/p>\n","protected":false},"excerpt":{"rendered":"Dorota Luba\u0144ska zosta\u0142a zast\u0119pc\u0105 redaktor naczelnej, Maja Chitro sekretarzem redakcji, Justyna Moraczewska szefow\u0105 dzia\u0142u uroda, a Daria Biedrzycka&hellip;","protected":false},"author":2,"featured_media":179014,"comment_status":"open","ping_status":"closed","sticky":false,"template":"","format":"standard","meta":{"csco_display_header_overlay":false,"csco_singular_sidebar":"","csco_page_header_type":"","csco_page_load_nextpost":"","csco_post_video_location":[],"csco_post_video_location_hash":"","csco_post_video_url":"","csco_post_video_bg_start_time":0,"csco_post_video_bg_end_time":0,"footnotes":""},"categories":[9677,5909],"tags":[962,982,4679,4112,3306,11405],"class_list":{"0":"post-179012","1":"post","2":"type-post","3":"status-publish","4":"format-standard","5":"has-post-thumbnail","7":"category-ludzie","8":"category-kariera","9":"tag-instyle","10":"tag-kariera","11":"tag-ludzie","12":"tag-media-2","13":"tag-prasa-2","14":"tag-prasa-kobieca","15":"cs-entry","16":"cs-video-wrap"},"_links":{"self":[{"href":"https:\/\/mediarun.com\/pl\/wp-json\/wp\/v2\/posts\/179012","targetHints":{"allow":["GET"]}}],"collection":[{"href":"https:\/\/mediarun.com\/pl\/wp-json\/wp\/v2\/posts"}],"about":[{"href":"https:\/\/mediarun.com\/pl\/wp-json\/wp\/v2\/types\/post"}],"author":[{"embeddable":true,"href":"https:\/\/mediarun.com\/pl\/wp-json\/wp\/v2\/users\/2"}],"replies":[{"embeddable":true,"href":"https:\/\/mediarun.com\/pl\/wp-json\/wp\/v2\/comments?post=179012"}],"version-history":[{"count":0,"href":"https:\/\/mediarun.com\/pl\/wp-json\/wp\/v2\/posts\/179012\/revisions"}],"wp:featuredmedia":[{"embeddable":true,"href":"https:\/\/mediarun.com\/pl\/wp-json\/wp\/v2\/media\/179014"}],"wp:attachment":[{"href":"https:\/\/mediarun.com\/pl\/wp-json\/wp\/v2\/media?parent=179012"}],"wp:term":[{"taxonomy":"category","embeddable":true,"href":"https:\/\/mediarun.com\/pl\/wp-json\/wp\/v2\/categories?post=179012"},{"taxonomy":"post_tag","embeddable":true,"href":"https:\/\/mediarun.com\/pl\/wp-json\/wp\/v2\/tags?post=179012"}],"curies":[{"name":"wp","href":"https:\/\/api.w.org\/{rel}","templated":true}]}}