{"id":178778,"date":"2017-03-08T12:12:02","date_gmt":"2017-03-08T11:12:02","guid":{"rendered":"https:\/\/mediarun.com\/pl\/?p=178778"},"modified":"2017-03-22T21:35:30","modified_gmt":"2017-03-22T20:35:30","slug":"awanse-havas-media-group","status":"publish","type":"post","link":"https:\/\/mediarun.com\/pl\/ludzie\/kariera\/awanse-havas-media-group.html","title":{"rendered":"Awanse w Havas Media Group"},"content":{"rendered":"<h3 style=\"text-align: justify;\"><b>W pierwszym kwartale 2017 r. nast\u0105pi\u0142y zmiany na kluczowych stanowiskach w zespole client service agencji mediowej Havas Media Group. Nowe stanowiska obj\u0119li: Marcin B\u0142o\u0144ski, Aleksandra Grz\u0119dzi\u0144ska i Krzysztof Sukiennik. Zmiany nast\u0105pi\u0142y r\u00f3wnie\u017c w zespole Middle Office, gdzie awanse otrzymali Paula Iwaniuk, Pawe\u0142 Kusiak i Ewelina Pawlicka.<\/b><\/h3>\n<p style=\"text-align: justify;\"><img fetchpriority=\"high\" decoding=\"async\" class=\"alignleft wp-image-178783\" src=\"https:\/\/mediarun.com\/wp-content\/uploads\/2017\/03\/HMG_Marcin-B\u0142o\u0144ski.jpg\" alt=\"\" width=\"307\" height=\"220\" title=\"\" srcset=\"https:\/\/mediarun.com\/pl\/wp-content\/uploads\/2017\/03\/HMG_Marcin-B\u0142o\u0144ski.jpg 531w, https:\/\/mediarun.com\/pl\/wp-content\/uploads\/2017\/03\/HMG_Marcin-B\u0142o\u0144ski-120x86.jpg 120w, https:\/\/mediarun.com\/pl\/wp-content\/uploads\/2017\/03\/HMG_Marcin-B\u0142o\u0144ski-350x250.jpg 350w\" sizes=\"(max-width: 307px) 100vw, 307px\" \/>Marcin B\u0142o\u0144ski awansowa\u0142 na stanowisko Client Service Directora. Marcin ma 14 lat do\u015bwiadczenia w bran\u017cy mediowej, swoj\u0105 karier\u0119 rozpocz\u0105\u0142 w krakowskim domu mediowym PRO Media House, a do Havas Media do\u0142\u0105czy\u0142 z pocz\u0105tkiem 2006 roku. Marcin b\u0119dzie odpowiedzialny za Client Service w Havas Media i b\u0119dzie wspiera\u0142 swoj\u0105 wiedz\u0105 oraz do\u015bwiadczeniem wszystkie zespo\u0142y klienckie w domu mediowym. B\u0119dzie podlega\u0107 bezpo\u015brednio Renacie Wasiak \u2013 Sosnowskiej, CEO Havas Media.<\/p>\n<p style=\"text-align: justify;\">Aleksandra Grz\u0119dzi\u0144ska awansowa\u0142a na Account Communication Managera. Aleksandra ma 9-letnie do\u015bwiadczenie w bran\u017cy mediowej, a swoj\u0105 przygod\u0119 z mediami rozpocz\u0119\u0142a w 2008 r. do\u0142\u0105czaj\u0105c do zespo\u0142u Havas Media. Od tego czasu przechodzi\u0142a przez kolejne szczeble rozwoju, zdobywaj\u0105c do\u015bwiadczenie i pracuj\u0105c dla Klient\u00f3w z r\u00f3\u017cnych bran\u017c. Aleksandra b\u0119dzie raportowa\u0107 do Krzysztofa Sukiennika.<\/p>\n<p style=\"text-align: justify;\"><img decoding=\"async\" class=\"alignleft size-full wp-image-178782\" src=\"https:\/\/mediarun.com\/wp-content\/uploads\/2017\/03\/HMG_Krzysztof-Sukiennik.jpg\" alt=\"\" width=\"180\" height=\"220\" title=\"\">Krzysztof Sukiennik obj\u0105\u0142 stanowisko Group Account Director i b\u0119dzie zarz\u0105dza\u0142 jednym z zespo\u0142\u00f3w klienckich Havas Media. Ma 13 lat do\u015bwiadczenia w bran\u017cy mediowej, w Havas Media od 2010 roku. Wcze\u015bniej pracowa\u0142 w domach mediowych Carat oraz Initiative. Przez ten czas zdobywa\u0142 do\u015bwiadczenie w r\u00f3\u017cnych bran\u017cach pocz\u0105wszy od FMCG, telekomunikacji, finansowej czy motoryzacyjnej. Krzysztof b\u0119dzie podlega\u0107 bezpo\u015brednio Renacie Wasiak \u2013 Sosnowskiej, CEO Havas Media.<\/p>\n<h4 style=\"text-align: justify;\">Zmiany kadrowe obj\u0119\u0142y r\u00f3wnie\u017c dzia\u0142 planowania i zakupu medi\u00f3w Havas Media Group. Awanse dostali Pawe\u0142 Kusiak, Paula Iwaniuk oraz Ewelina Pawlicka.<\/h4>\n<p style=\"text-align: justify;\">Pawe\u0142 Kusiak awansowa\u0142 na stanowisko Video Managera. Pawe\u0142 do\u0142\u0105czy\u0142 do zespo\u0142u Havas Media Group w 2013 roku, od tego czasu da\u0142 si\u0119 pozna\u0107 jako doskona\u0142y specjalista w dziedzinie komunikacji video, realizuj\u0105c kampanie m.in. dla BGZ BNP Paribas, Red Bull i NC+. W nowej roli b\u0119dzie odpowiedzialny za rozw\u00f3j pracownik\u00f3w w ramach najwy\u017cszych standard\u00f3w oraz tworzenie implementacji video. B\u0119dzie raportowa\u0142 do Sergiusza Gellera, Video Planning and Buying Directora<\/p>\n<p style=\"text-align: justify;\">Paula Iwaniuk obj\u0119\u0142a stanowisko Video Managera. Do zespo\u0142u Havas Media Group do\u0142\u0105czy\u0142a w 2012 roku, osi\u0105gaj\u0105c wymierne sukcesy w postaci wsp\u00f3\u0142tworzenia wielu nagradzanych kampanii m.in. w konkursach: Media Lions oraz Effie. W nowej roli b\u0119dzie odpowiedzialna za tworzenie implementacji video dla kluczowych klient\u00f3w agencji i b\u0119dzie raportowa\u0107 do Sergiusza Gellera, Video Planning and Buying Directora.<\/p>\n<p style=\"text-align: justify;\">Ewelina Pawlicka, kt\u00f3ra awansowa\u0142a na stanowisko Senior Video Planner\/Buyer, z Havas Media Group zwi\u0105zana jest od 2014 roku. O jej awansie zadecydowa\u0142a niebywa\u0142a skuteczno\u015b\u0107 w realizacji cel\u00f3w kampanii klient\u00f3w, co przy dynamicznie zmieniaj\u0105cym si\u0119 rynku, jest szczeg\u00f3lnie istotne. W nowej roli b\u0119dzie odpowiedzialna za realizacj\u0119 kampanii video dla kluczowych klient\u00f3w agencji oraz za rozw\u00f3j podleg\u0142ych pracownik\u00f3w. Ewelina b\u0119dzie raportowa\u0107 do Ma\u0142gorzaty Rutkowskiej, Video Managera.<\/p>\n","protected":false},"excerpt":{"rendered":"W pierwszym kwartale 2017 r. nast\u0105pi\u0142y zmiany na kluczowych stanowiskach w zespole client service agencji mediowej Havas Media&hellip;","protected":false},"author":2,"featured_media":178781,"comment_status":"open","ping_status":"closed","sticky":false,"template":"","format":"standard","meta":{"csco_display_header_overlay":false,"csco_singular_sidebar":"","csco_page_header_type":"","csco_page_load_nextpost":"","csco_post_video_location":[],"csco_post_video_location_hash":"","csco_post_video_url":"","csco_post_video_bg_start_time":0,"csco_post_video_bg_end_time":0,"footnotes":""},"categories":[9677,9678,5909],"tags":[5492,8528,10979,4679],"class_list":{"0":"post-178778","1":"post","2":"type-post","3":"status-publish","4":"format-standard","5":"has-post-thumbnail","7":"category-ludzie","8":"category-awanse","9":"category-kariera","10":"tag-branza","11":"tag-havas-media-group","12":"tag-kadra","13":"tag-ludzie","14":"cs-entry","15":"cs-video-wrap"},"_links":{"self":[{"href":"https:\/\/mediarun.com\/pl\/wp-json\/wp\/v2\/posts\/178778","targetHints":{"allow":["GET"]}}],"collection":[{"href":"https:\/\/mediarun.com\/pl\/wp-json\/wp\/v2\/posts"}],"about":[{"href":"https:\/\/mediarun.com\/pl\/wp-json\/wp\/v2\/types\/post"}],"author":[{"embeddable":true,"href":"https:\/\/mediarun.com\/pl\/wp-json\/wp\/v2\/users\/2"}],"replies":[{"embeddable":true,"href":"https:\/\/mediarun.com\/pl\/wp-json\/wp\/v2\/comments?post=178778"}],"version-history":[{"count":0,"href":"https:\/\/mediarun.com\/pl\/wp-json\/wp\/v2\/posts\/178778\/revisions"}],"wp:featuredmedia":[{"embeddable":true,"href":"https:\/\/mediarun.com\/pl\/wp-json\/wp\/v2\/media\/178781"}],"wp:attachment":[{"href":"https:\/\/mediarun.com\/pl\/wp-json\/wp\/v2\/media?parent=178778"}],"wp:term":[{"taxonomy":"category","embeddable":true,"href":"https:\/\/mediarun.com\/pl\/wp-json\/wp\/v2\/categories?post=178778"},{"taxonomy":"post_tag","embeddable":true,"href":"https:\/\/mediarun.com\/pl\/wp-json\/wp\/v2\/tags?post=178778"}],"curies":[{"name":"wp","href":"https:\/\/api.w.org\/{rel}","templated":true}]}}