{"id":178612,"date":"2017-03-03T12:23:38","date_gmt":"2017-03-03T11:23:38","guid":{"rendered":"https:\/\/mediarun.com\/pl\/?p=178612"},"modified":"2017-03-22T21:35:37","modified_gmt":"2017-03-22T20:35:37","slug":"awans-sieci-dentsu-aegis-network","status":"publish","type":"post","link":"https:\/\/mediarun.com\/pl\/ludzie\/awans-sieci-dentsu-aegis-network.html","title":{"rendered":"Awans w sieci Dentsu Aegis Network"},"content":{"rendered":"<div class=\"lp menu-margin\">\n<div class=\"lp__canvas\">\n<div class=\"lp__content lp-template1__title1 hero-up\">\n<div class=\"lp__hero\">\n<h3 class=\"header--page margin-bottom--medium text--wrap\" style=\"text-align: justify;\">S\u0142awomir St\u0119pniewski, dotychczas CEO Dentsu Aegis Network Poland &amp; Eastern Europe\u00a0jako Chief Innovation Officer w regionie Nordic &amp; CEE. W nowej roli b\u0119dzie odpowiada\u0142 za rozw\u00f3j projekt\u00f3w z zakresu innowacji biznesowych, a tak\u017ce za wsparcie proces\u00f3w akwizycyjnych.<\/h3>\n<\/div>\n<\/div>\n<\/div>\n<\/div>\n<div class=\"hero-upv2 hero-upv2-related\">\n<div>\n<div>\n<div class=\"story-elements\" style=\"text-align: justify;\">\n<div class=\"lp\">\n<div class=\"lp__canvas\">\n<div class=\"lp__side lp__side--allegro back\">\u00a0Przez ostanie 2,5 roku St\u0119pniewski pe\u0142ni\u0142 rol\u0119 CEO polskiego oddzia\u0142u Dentsu Aegis Network Poland a\u00a0tak\u017ce regionu Europy Wschodniej. Odpowiada\u0142 za rozw\u00f3j biznesu w\u00a0Polsce, Czechach, S\u0142owacji, na W\u0119grzech i\u00a0w Bu\u0142garii. W\u00a02016 r. subregion kierowany przez St\u0119pniewskiego wygenerowa\u0142 47% wzrostu biznesu. W\u00a02016 r. St\u0119pniewski odpowiada\u0142 za akwizycj\u0119 czeskiego Adexpres. Zaledwie rok po akwizycji czeski oddzia\u0142 grupy Dentsu Aegis Network zajmuje drugie miejsce na lokalnym rynku reklamowym.<\/div>\n<div class=\"lp__content lp__content--allegro\">\n<div class=\"lp__content--article padding-left--large lp__content--article--allegro\">\n<div class=\"editor-element text--huge text--dark paragraph\">\n<p>Nowa rola S\u0142awomira St\u0119pniewskiego jest wynikiem niezwykle silnej pozycji Polski jako hubu innowacyjno-technologicznego oraz do\u015bwiadczenia polskiego oddzia\u0142u w\u00a0przeprowadzania akwizycji i\u00a0skalowaniu zakupionych biznes\u00f3w.<\/p>\n<\/div>\n<\/div>\n<\/div>\n<\/div>\n<\/div>\n<\/div>\n<div class=\"story-elements\">\n<div class=\"lp\">\n<div class=\"lp__canvas\">\n<div class=\"lp__content lp__content--allegro\">\n<div class=\"lp__content--article padding-left--large lp__content--article--allegro\">\n<div class=\"editor-element text--huge text--dark paragraph\">\n<blockquote><p><em>&#8211;\u00a0W ci\u0105gu najbli\u017cszych pi\u0119ciu lat planujemy generowa\u0107 50% naszego wzrost poprzez akwizycje, zar\u00f3wno je\u015bli chodzi o\u00a0rynek polski, jak i\u00a0globalny. W\u00a0kr\u0119gu naszych zainteresowa\u0144 s\u0105 zar\u00f3wno dojrza\u0142e podmioty, jak i\u00a0startupy, zajmuj\u0105ce si\u0119 eCommerce, zaawansowan\u0105 analityk\u0105, smart data i\u00a0CRM, ale tak\u017ce np. eventami. Obecnie przygl\u0105damy si\u0119 w\u00a0Polsce kilkunastu firmom \u015bwiadcz\u0105cym us\u0142ugi z\u00a0zakresu eCommerce. Ka\u017cda z\u00a0nich generuje przychody na poziomie 6\u00a0\u2013 10 mln rocznie \u2013 komentuje St\u0119pniewski.<\/em><\/p><\/blockquote>\n<p style=\"text-align: justify;\">W 1996 roku St\u0119pniewski powo\u0142a\u0142 do \u017cycia jedn\u0105 z\u00a0pierwszych polskich agencji interaktywnych, o\u00a0nazwie Hypermedia. W\u00a02005 roku sta\u0142a si\u0119 ona cz\u0119\u015bci\u0105 najwi\u0119kszej globalnej sieci interaktywnej \u2013\u00a0Isobar nale\u017c\u0105cej do Aegis Media. 3\u00a0lata p\u00f3\u017aniej obj\u0105\u0142 stanowisko CEO Isobar Polska &amp; CEE, a\u00a0w 2011 roku zosta\u0142 mianowany na CEO grupy Aegis Media w\u00a0Polsce, obecnie Dentsu Aegis Network.<\/p>\n<\/div>\n<\/div>\n<\/div>\n<\/div>\n<\/div>\n<\/div>\n<\/div>\n<\/div>\n<\/div>\n","protected":false},"excerpt":{"rendered":"S\u0142awomir St\u0119pniewski, dotychczas CEO Dentsu Aegis Network Poland &amp; Eastern Europe\u00a0jako Chief Innovation Officer w regionie Nordic &amp;&hellip;","protected":false},"author":2,"featured_media":178614,"comment_status":"open","ping_status":"closed","sticky":false,"template":"","format":"standard","meta":{"csco_display_header_overlay":false,"csco_singular_sidebar":"","csco_page_header_type":"","csco_page_load_nextpost":"","csco_post_video_location":[],"csco_post_video_location_hash":"","csco_post_video_url":"","csco_post_video_bg_start_time":0,"csco_post_video_bg_end_time":0,"footnotes":""},"categories":[9677,9678],"tags":[11379,3621,5492,11351],"class_list":{"0":"post-178612","1":"post","2":"type-post","3":"status-publish","4":"format-standard","5":"has-post-thumbnail","7":"category-ludzie","8":"category-awanse","9":"tag-aeigs-media","10":"tag-awans","11":"tag-branza","12":"tag-dentsu-aeigs-network-polska","13":"cs-entry","14":"cs-video-wrap"},"_links":{"self":[{"href":"https:\/\/mediarun.com\/pl\/wp-json\/wp\/v2\/posts\/178612","targetHints":{"allow":["GET"]}}],"collection":[{"href":"https:\/\/mediarun.com\/pl\/wp-json\/wp\/v2\/posts"}],"about":[{"href":"https:\/\/mediarun.com\/pl\/wp-json\/wp\/v2\/types\/post"}],"author":[{"embeddable":true,"href":"https:\/\/mediarun.com\/pl\/wp-json\/wp\/v2\/users\/2"}],"replies":[{"embeddable":true,"href":"https:\/\/mediarun.com\/pl\/wp-json\/wp\/v2\/comments?post=178612"}],"version-history":[{"count":0,"href":"https:\/\/mediarun.com\/pl\/wp-json\/wp\/v2\/posts\/178612\/revisions"}],"wp:featuredmedia":[{"embeddable":true,"href":"https:\/\/mediarun.com\/pl\/wp-json\/wp\/v2\/media\/178614"}],"wp:attachment":[{"href":"https:\/\/mediarun.com\/pl\/wp-json\/wp\/v2\/media?parent=178612"}],"wp:term":[{"taxonomy":"category","embeddable":true,"href":"https:\/\/mediarun.com\/pl\/wp-json\/wp\/v2\/categories?post=178612"},{"taxonomy":"post_tag","embeddable":true,"href":"https:\/\/mediarun.com\/pl\/wp-json\/wp\/v2\/tags?post=178612"}],"curies":[{"name":"wp","href":"https:\/\/api.w.org\/{rel}","templated":true}]}}