{"id":178551,"date":"2017-03-01T12:20:05","date_gmt":"2017-03-01T11:20:05","guid":{"rendered":"https:\/\/mediarun.com\/pl\/?p=178551"},"modified":"2017-03-22T21:35:40","modified_gmt":"2017-03-22T20:35:40","slug":"dyrektor-komunikacji-samsung-polska-powolany","status":"publish","type":"post","link":"https:\/\/mediarun.com\/pl\/ludzie\/kariera\/dyrektor-komunikacji-samsung-polska-powolany.html","title":{"rendered":"Dyrektor Komunikacji w Samsung Polska powo\u0142any"},"content":{"rendered":"<h3 class=\"Domylne\" style=\"text-align: justify;\"><b>Jak wynika z nieoficjalnych informacji Mediarun, Olaf Krynicki, kt<\/b><b><span lang=\"ES-TRAD\">\u00f3<\/span><\/b><b>ry pe\u0142ni\u0142 dotychczas rol\u0119 PR i Social Media Managera oraz by\u0142 rzecznikiem prasowym polskiego oddzia\u0142u Samsunga, zosta\u0142 awansowany na nowego Dyrektora Komunikacji w Samsung Polska. <\/b><b><\/b><\/h3>\n<p class=\"Domylne\" style=\"text-align: justify;\">Anna Putts, dotychczas pe\u0142ni\u0105ca obowi\u0105zki dyrektora marketingu rozstaje si\u0119 z firm\u0105.<\/p>\n<p class=\"Domylne\" style=\"text-align: justify;\">Krynicki w przesz\u0142o\u015bci pracowa\u0142 m.in. dla Epson Europe oraz agencji M<i>m<\/i>d. Absolwent Instytutu Dziennikarstwa na Uniwersytecie Warszawskim. Na tej samej uczelni uko\u0144czy\u0142 tak\u017ce studia doktoranckie na Wydziale Dziennikarstwa i Nauk Politycznych.<\/p>\n<p class=\"Domylne\" style=\"text-align: justify;\">Samsung na razie nie komentuje wprowadzonych zmian w kadrach.<\/p>\n","protected":false},"excerpt":{"rendered":"Jak wynika z nieoficjalnych informacji Mediarun, Olaf Krynicki, kt\u00f3ry pe\u0142ni\u0142 dotychczas rol\u0119 PR i Social Media Managera oraz&hellip;","protected":false},"author":2,"featured_media":178553,"comment_status":"open","ping_status":"closed","sticky":false,"template":"","format":"standard","meta":{"csco_display_header_overlay":false,"csco_singular_sidebar":"","csco_page_header_type":"","csco_page_load_nextpost":"","csco_post_video_location":[],"csco_post_video_location_hash":"","csco_post_video_url":"","csco_post_video_bg_start_time":0,"csco_post_video_bg_end_time":0,"footnotes":""},"categories":[9677,5909],"tags":[5492,10979,4679,195],"class_list":{"0":"post-178551","1":"post","2":"type-post","3":"status-publish","4":"format-standard","5":"has-post-thumbnail","7":"category-ludzie","8":"category-kariera","9":"tag-branza","10":"tag-kadra","11":"tag-ludzie","12":"tag-samsung","13":"cs-entry","14":"cs-video-wrap"},"_links":{"self":[{"href":"https:\/\/mediarun.com\/pl\/wp-json\/wp\/v2\/posts\/178551","targetHints":{"allow":["GET"]}}],"collection":[{"href":"https:\/\/mediarun.com\/pl\/wp-json\/wp\/v2\/posts"}],"about":[{"href":"https:\/\/mediarun.com\/pl\/wp-json\/wp\/v2\/types\/post"}],"author":[{"embeddable":true,"href":"https:\/\/mediarun.com\/pl\/wp-json\/wp\/v2\/users\/2"}],"replies":[{"embeddable":true,"href":"https:\/\/mediarun.com\/pl\/wp-json\/wp\/v2\/comments?post=178551"}],"version-history":[{"count":0,"href":"https:\/\/mediarun.com\/pl\/wp-json\/wp\/v2\/posts\/178551\/revisions"}],"wp:featuredmedia":[{"embeddable":true,"href":"https:\/\/mediarun.com\/pl\/wp-json\/wp\/v2\/media\/178553"}],"wp:attachment":[{"href":"https:\/\/mediarun.com\/pl\/wp-json\/wp\/v2\/media?parent=178551"}],"wp:term":[{"taxonomy":"category","embeddable":true,"href":"https:\/\/mediarun.com\/pl\/wp-json\/wp\/v2\/categories?post=178551"},{"taxonomy":"post_tag","embeddable":true,"href":"https:\/\/mediarun.com\/pl\/wp-json\/wp\/v2\/tags?post=178551"}],"curies":[{"name":"wp","href":"https:\/\/api.w.org\/{rel}","templated":true}]}}