{"id":17853,"date":"2011-03-25T16:33:05","date_gmt":"2011-03-25T15:33:05","guid":{"rendered":"https:\/\/mediarun.com\/index.php\/news-posts\/27-znanych-artystow-na-antenie-viva-polska\/"},"modified":"2011-03-25T16:33:05","modified_gmt":"2011-03-25T15:33:05","slug":"27-znanych-artystow-na-antenie-viva-polska","status":"publish","type":"post","link":"https:\/\/mediarun.com\/pl\/media\/tv\/27-znanych-artystow-na-antenie-viva-polska.html","title":{"rendered":"27 znanych artyst\u00f3w na antenie Viva Polska"},"content":{"rendered":"<p>Dodatkowo, w ram&oacute;wce pojawi si\u0119 pi\u0119\u0107 nowych pasm muzycznych oraz kolejne tematyczne weekendy specjalne.<\/p>\n<p>7 kwietnia zadebiutuje najwi\u0119ksza premiera wiosny &#8211; <strong>&#8222;Viva Mjuzik Kliiiz Superstar&#8221;<\/strong>, czyli quiz, w kt&oacute;rym 27 gwiazd polskiej sceny muzycznej b\u0119dzie rywalizowa\u0107 ze sob\u0105 o tytu\u0142 mistrza wiedzy muzycznej. W\u015br&oacute;d gwiazd pojawi\u0105 si\u0119 m.in. Ewa Farna, \u0141ozo, Mrozu, Micha\u0142 Wi\u015bniewski, Doniu, Natalia Lesz i inni.  <\/p>\n<p>Na anten\u0119 powr&oacute;ci r&oacute;wnie\u017c cykl muzycznych odliczanek, w kt&oacute;rych gwiazdy oceni\u0105 najlepsze teledyski emitowane przez Viv\u0119. <strong>&#8222;Kolejno odlicz, czyli Viva 10 naj&#8221;<\/strong> zadebiutuje w ram&oacute;wkach 24 kwietnia. W\u015br&oacute;d gwiazd &#8211; komentator&oacute;w pojawi\u0105 si\u0119 znane nazwiska polskiego show biznesu. W pierwszej edycji byli to m.in. Mrozu, Marina \u0141uczenko, Tede, Natalia Lesz oraz Doda. W\u015br&oacute;d temat&oacute;w przewodnich odcink&oacute;w znajd\u0105 si\u0119 najlepsze polskie teledyski, najlepsze choreografie, najbardziej kontrowersyjne klipy i inne.<\/p>\n<p>Premierowo we wiosennej ram&oacute;wce pojawi\u0142o si\u0119 pi\u0119\u0107 nowych pasm muzycznych, po\u015bwi\u0119conych zar&oacute;wno tym nowszym hitom, jak i najbardziej cenionym teledyskom ostatnich lat. B\u0119d\u0105 to poranne pasma &#8222;Viva Top 5&#8221;, &#8222;Top 5 Best of Viva&#8221; oraz  &#8222;Week Top 10&#8221;, a tak\u017ce popo\u0142udniowe &#8222;100% Viva&#8221; i &#8222;Viva najbardziej&#8221;.<\/p>\n<p>Tradycyjnie, widzowie b\u0119d\u0105 mogli pozna\u0107 lepiej swoich ulubionych artyst&oacute;w i popularne trendy muzyczne dzi\u0119ki tematycznym weekendom muzycznym.<\/p>\n","protected":false},"excerpt":{"rendered":"Wiosna w stacji Viva Polska b\u0119dzie sta\u0142a pod znakiem dw&oacute;ch premier &#8211; &#8222;Viva Mjuzik K\u0142iiiz Superstar&#8221; z udzia\u0142em 27 znanych artyst&oacute;w oraz &#8222;Kolejno odlicz, czyli Viva 10 Naj&#8221;.","protected":false},"author":1,"featured_media":17854,"comment_status":"open","ping_status":"closed","sticky":false,"template":"","format":"standard","meta":{"csco_display_header_overlay":false,"csco_singular_sidebar":"","csco_page_header_type":"","csco_page_load_nextpost":"","csco_post_video_location":[],"csco_post_video_location_hash":"","csco_post_video_url":"","csco_post_video_bg_start_time":0,"csco_post_video_bg_end_time":0,"footnotes":""},"categories":[9670],"tags":[1067],"class_list":{"0":"post-17853","1":"post","2":"type-post","3":"status-publish","4":"format-standard","5":"has-post-thumbnail","7":"category-tv","8":"tag-viva-polska","9":"cs-entry","10":"cs-video-wrap"},"_links":{"self":[{"href":"https:\/\/mediarun.com\/pl\/wp-json\/wp\/v2\/posts\/17853","targetHints":{"allow":["GET"]}}],"collection":[{"href":"https:\/\/mediarun.com\/pl\/wp-json\/wp\/v2\/posts"}],"about":[{"href":"https:\/\/mediarun.com\/pl\/wp-json\/wp\/v2\/types\/post"}],"author":[{"embeddable":true,"href":"https:\/\/mediarun.com\/pl\/wp-json\/wp\/v2\/users\/1"}],"replies":[{"embeddable":true,"href":"https:\/\/mediarun.com\/pl\/wp-json\/wp\/v2\/comments?post=17853"}],"version-history":[{"count":0,"href":"https:\/\/mediarun.com\/pl\/wp-json\/wp\/v2\/posts\/17853\/revisions"}],"wp:featuredmedia":[{"embeddable":true,"href":"https:\/\/mediarun.com\/pl\/wp-json\/wp\/v2\/media\/17854"}],"wp:attachment":[{"href":"https:\/\/mediarun.com\/pl\/wp-json\/wp\/v2\/media?parent=17853"}],"wp:term":[{"taxonomy":"category","embeddable":true,"href":"https:\/\/mediarun.com\/pl\/wp-json\/wp\/v2\/categories?post=17853"},{"taxonomy":"post_tag","embeddable":true,"href":"https:\/\/mediarun.com\/pl\/wp-json\/wp\/v2\/tags?post=17853"}],"curies":[{"name":"wp","href":"https:\/\/api.w.org\/{rel}","templated":true}]}}