{"id":178386,"date":"2017-02-28T10:07:44","date_gmt":"2017-02-28T09:07:44","guid":{"rendered":"https:\/\/mediarun.com\/pl\/?p=178386"},"modified":"2017-03-22T21:35:43","modified_gmt":"2017-03-22T20:35:43","slug":"paulina-bekas-zespole-qa-communications","status":"publish","type":"post","link":"https:\/\/mediarun.com\/pl\/ludzie\/kariera\/paulina-bekas-zespole-qa-communications.html","title":{"rendered":"Paulina Bekas w zespole Q&#038;A Communications"},"content":{"rendered":"<h3 style=\"text-align: justify;\"><b>Spo\u0142eczna odpowiedzialno\u015b\u0107 biznesu, komunikacja korporacyjna i organizacja event\u00f3w. To trzy najmocniejsze kompetencje nowej twarzy na pok\u0142adzie <\/b><a href=\"http:\/\/www.qacommunications.com\/\" target=\"_blank\" rel=\"noopener\"><b>Q&amp;A Communications<\/b><\/a><b>. Wraz z pocz\u0105tkiem lutego Paulina Bekas wzmocni\u0142a zesp\u00f3\u0142 obs\u0142uguj\u0105cy Galeri\u0119 Malta, w kt\u00f3rym odpowiedzialna b\u0119dzie za koordynacj\u0119 kampanii reklamowych.<\/b><\/h3>\n<p style=\"text-align: justify;\">Organizacja i koordynacja takich akcji i wydarze\u0144 jak <b>Bezpiecznie z NIVEA i WOPR<\/b>, <b>Danone Nations Cup<\/b> czy te\u017c <b>Wakacje z Muszkieterami<\/b> oraz kompleksowa obs\u0142uga projekt\u00f3w korporacyjnych i CSR dla <b>Orange<\/b> i <b>Fundacji Orange<\/b> to tylko wybrane dzia\u0142ania, kt\u00f3re Paulina Bekas zrealizowa\u0142a przez dziewi\u0119\u0107 lat zawodowej kariery, z kt\u00f3rych ostatnie cztery sp\u0119dzi\u0142a w zespole agencji reklamowej Afekt.<\/p>\n<p style=\"text-align: justify;\">Od lutego 2017 roku Paulina Bekas jako Account Manager w Q&amp;A Communications wykorzystuje swoje do\u015bwiadczenie w dzia\u0142aniach realizowanych dla pozna\u0144skiej <b>Galerii Malta<\/b>. Odpowiada za przygotowanie i realizacj\u0119 projekt\u00f3w reklamowych, wsparcie organizacji event\u00f3w oraz obs\u0142ug\u0119 klienta.<\/p>\n<blockquote><p><i>Wsp\u00f3\u0142praca z jednym z najwi\u0119kszych pozna\u0144skich centr\u00f3w handlowych to dla mnie zupe\u0142nie nowe wyzwanie, dlatego podejmuj\u0119 si\u0119 go z tym wi\u0119kszym zapa\u0142em \u2013 <\/i>m\u00f3wi Paulina Bekas. <i>Licz\u0119, \u017ce z powodzeniem wykorzystam swoje dotychczasowe do\u015bwiadczenie w obszarze zar\u00f3wno reklamy, jak te\u017c organizacji i promocji event\u00f3w \u2013 <\/i>dodaje.<\/p><\/blockquote>\n<p style=\"text-align: justify;\">Personalne wzmocnienie zespo\u0142u obs\u0142uguj\u0105cego Galeri\u0119 Malta to kolejny krok Q&amp;A Communications w kierunku poszerzania i wzmacniania kompetencji. W ubieg\u0142ym roku agencja stworzy\u0142a dzia\u0142 digitalowy <a href=\"http:\/\/www.qainception.com\/\" target=\"_blank\" rel=\"noopener\"><b>Q&amp;A Inception<\/b><\/a> oraz rozbudowa\u0142a dzia\u0142 kreatywny, systematycznie zwi\u0119ksza r\u00f3wnie\u017c zakres us\u0142ug reklamowych.<\/p>\n<blockquote>\n<p style=\"text-align: justify;\"><i>Uwa\u017camy, \u017ce zapraszanie do wsp\u00f3\u0142pracy os\u00f3b z do\u015bwiadczeniem i z kompetencjami, kt\u00f3re s\u0105 komplementarne do do\u015bwiadcze\u0144 Zespo\u0142u Q&amp;A Communications wzmacnia agencj\u0119 i zwi\u0119ksza jej potencja\u0142 w kontek\u015bcie integracji us\u0142ug oraz realizacji wielow\u0105tkowych kampanii<\/i> \u2013 m\u00f3wi Przemys\u0142aw Wojak, Partner Zarz\u0105dzaj\u0105cy.<\/p>\n<\/blockquote>\n","protected":false},"excerpt":{"rendered":"Spo\u0142eczna odpowiedzialno\u015b\u0107 biznesu, komunikacja korporacyjna i organizacja event\u00f3w. To trzy najmocniejsze kompetencje nowej twarzy na pok\u0142adzie Q&amp;A Communications.&hellip;","protected":false},"author":2,"featured_media":178388,"comment_status":"open","ping_status":"closed","sticky":false,"template":"","format":"standard","meta":{"csco_display_header_overlay":false,"csco_singular_sidebar":"","csco_page_header_type":"","csco_page_load_nextpost":"","csco_post_video_location":[],"csco_post_video_location_hash":"","csco_post_video_url":"","csco_post_video_bg_start_time":0,"csco_post_video_bg_end_time":0,"footnotes":""},"categories":[9677,5909],"tags":[5492,982,4679,6064],"class_list":{"0":"post-178386","1":"post","2":"type-post","3":"status-publish","4":"format-standard","5":"has-post-thumbnail","7":"category-ludzie","8":"category-kariera","9":"tag-branza","10":"tag-kariera","11":"tag-ludzie","12":"tag-qa-communications","13":"cs-entry","14":"cs-video-wrap"},"_links":{"self":[{"href":"https:\/\/mediarun.com\/pl\/wp-json\/wp\/v2\/posts\/178386","targetHints":{"allow":["GET"]}}],"collection":[{"href":"https:\/\/mediarun.com\/pl\/wp-json\/wp\/v2\/posts"}],"about":[{"href":"https:\/\/mediarun.com\/pl\/wp-json\/wp\/v2\/types\/post"}],"author":[{"embeddable":true,"href":"https:\/\/mediarun.com\/pl\/wp-json\/wp\/v2\/users\/2"}],"replies":[{"embeddable":true,"href":"https:\/\/mediarun.com\/pl\/wp-json\/wp\/v2\/comments?post=178386"}],"version-history":[{"count":0,"href":"https:\/\/mediarun.com\/pl\/wp-json\/wp\/v2\/posts\/178386\/revisions"}],"wp:featuredmedia":[{"embeddable":true,"href":"https:\/\/mediarun.com\/pl\/wp-json\/wp\/v2\/media\/178388"}],"wp:attachment":[{"href":"https:\/\/mediarun.com\/pl\/wp-json\/wp\/v2\/media?parent=178386"}],"wp:term":[{"taxonomy":"category","embeddable":true,"href":"https:\/\/mediarun.com\/pl\/wp-json\/wp\/v2\/categories?post=178386"},{"taxonomy":"post_tag","embeddable":true,"href":"https:\/\/mediarun.com\/pl\/wp-json\/wp\/v2\/tags?post=178386"}],"curies":[{"name":"wp","href":"https:\/\/api.w.org\/{rel}","templated":true}]}}