{"id":17811,"date":"2011-03-28T13:06:50","date_gmt":"2011-03-28T11:06:50","guid":{"rendered":"https:\/\/mediarun.com\/index.php\/news-posts\/uwazam-rze-w-gronie-najczesciej-cytowanych\/"},"modified":"2011-03-28T13:06:50","modified_gmt":"2011-03-28T11:06:50","slug":"uwazam-rze-w-gronie-najczesciej-cytowanych","status":"publish","type":"post","link":"https:\/\/mediarun.com\/pl\/media\/prasa\/uwazam-rze-w-gronie-najczesciej-cytowanych.html","title":{"rendered":"Uwa\u017cam Rze w gronie najcz\u0119\u015bciej cytowanych"},"content":{"rendered":"<p>Media przywo\u0142ywa\u0142y wywiad z Mart\u0105 Kaczy\u0144sk\u0105 opublikowany na jego \u0142amach (41 cytowa\u0144). W lutym od czo\u0142&oacute;wki opiniotw&oacute;rczych tygodnik&oacute;w (Wprost, Newsweek, Polityka) oddzieli\u0142a go tylko Gala (doniesieniami o ci\u0105\u017cach polskich celebrytek: Magdy Mo\u0142ek i Anny Przybylskiej, 49 powo\u0142a\u0144).<\/p>\n<p>W rankingu generalnym (TOP 15) znalaz\u0142o si\u0119 w sumie 9 tytu\u0142&oacute;w prasowych (Rzeczpospolita, Gazeta Wyborcza, Dziennik Gazeta Prawna, Polska, Wprost, Puls Biznesu, Super Express, Polityka, Newsweek), 2 stacje telewizyjne (TVN24, TVN), 3 stacje radiowe (RMF FM, Radio Zet, Tok FM) oraz jeden portal internetowy (onet.pl).<\/p>\n<p>W lutym media najcz\u0119\u015bciej cytowa\u0142y Rzeczpospolit\u0105 (779) i Gazet\u0119 Wyborcz\u0105 (655) oraz TVN24 (332). Tu\u017c za podium uplasowa\u0142y si\u0119 Dziennik Gazeta Prawna (285), RMF FM (258) i Polska (161 powo\u0142a\u0144).<\/p>\n<p>Dalsze miejsca w rankingu TOP15 zajmuj\u0105: Radio Zet (147), Wprost (145), Puls Biznesu (142), Super Express (138), Polityka (128), TVN (126), radio Tok FM (112), Newsweek (95) i Onet.pl (85).<\/p>\n<p>Najcz\u0119\u015bciej komentowanym tematem w mediach by\u0142a polityka polska, wyra\u017anie zaznacza\u0142y si\u0119 te\u017c tematy zwi\u0105zane z katastrof\u0105 pod Smole\u0144skiem i wyborami parlamentarnymi. Wysoko uplasowa\u0142y si\u0119 te\u017c doniesienia sportowe (wypadek Roberta Kubicy i osi\u0105gni\u0119cia polskich reprezentant&oacute;w w dyscyplinach zimowych).<\/p>\n<p>IMM przeprowadzi\u0142 badanie na podstawie 5 328 przekaz&oacute;w z medi&oacute;w (wycink&oacute;w prasowych, program&oacute;w radiowych i telewizyjnych) z okresu 1 &ndash; 28 lutego 2011 r.<\/p>\n","protected":false},"excerpt":{"rendered":"W zestawieniu najcz\u0119\u015bciej cytowanych periodyk&oacute;w po raz pierwszy zago\u015bci\u0142 tygodnik Uwa\u017cam Rze.","protected":false},"author":1,"featured_media":17812,"comment_status":"open","ping_status":"closed","sticky":false,"template":"","format":"standard","meta":{"csco_display_header_overlay":false,"csco_singular_sidebar":"","csco_page_header_type":"","csco_page_load_nextpost":"","csco_post_video_location":[],"csco_post_video_location_hash":"","csco_post_video_url":"","csco_post_video_bg_start_time":0,"csco_post_video_bg_end_time":0,"footnotes":""},"categories":[9673],"tags":[1026,1674,634],"class_list":{"0":"post-17811","1":"post","2":"type-post","3":"status-publish","4":"format-standard","5":"has-post-thumbnail","7":"category-prasa","8":"tag-imm","9":"tag-ranking-cytowan","10":"tag-uwazam-rze","11":"cs-entry","12":"cs-video-wrap"},"_links":{"self":[{"href":"https:\/\/mediarun.com\/pl\/wp-json\/wp\/v2\/posts\/17811","targetHints":{"allow":["GET"]}}],"collection":[{"href":"https:\/\/mediarun.com\/pl\/wp-json\/wp\/v2\/posts"}],"about":[{"href":"https:\/\/mediarun.com\/pl\/wp-json\/wp\/v2\/types\/post"}],"author":[{"embeddable":true,"href":"https:\/\/mediarun.com\/pl\/wp-json\/wp\/v2\/users\/1"}],"replies":[{"embeddable":true,"href":"https:\/\/mediarun.com\/pl\/wp-json\/wp\/v2\/comments?post=17811"}],"version-history":[{"count":0,"href":"https:\/\/mediarun.com\/pl\/wp-json\/wp\/v2\/posts\/17811\/revisions"}],"wp:featuredmedia":[{"embeddable":true,"href":"https:\/\/mediarun.com\/pl\/wp-json\/wp\/v2\/media\/17812"}],"wp:attachment":[{"href":"https:\/\/mediarun.com\/pl\/wp-json\/wp\/v2\/media?parent=17811"}],"wp:term":[{"taxonomy":"category","embeddable":true,"href":"https:\/\/mediarun.com\/pl\/wp-json\/wp\/v2\/categories?post=17811"},{"taxonomy":"post_tag","embeddable":true,"href":"https:\/\/mediarun.com\/pl\/wp-json\/wp\/v2\/tags?post=17811"}],"curies":[{"name":"wp","href":"https:\/\/api.w.org\/{rel}","templated":true}]}}