{"id":178054,"date":"2017-02-13T10:12:42","date_gmt":"2017-02-13T09:12:42","guid":{"rendered":"https:\/\/mediarun.com\/pl\/?p=178054"},"modified":"2017-03-22T21:35:52","modified_gmt":"2017-03-22T20:35:52","slug":"swieto-eventow-targach-kielce","status":"publish","type":"post","link":"https:\/\/mediarun.com\/pl\/wydarzenia\/swieto-eventow-targach-kielce.html","title":{"rendered":"\u015awi\u0119to event\u00f3w w Targach Kielce!"},"content":{"rendered":"<h3><b>Events Festival, czyli podsumowanie bran\u017cy eventowej, spotkanie z autorytetami marketingowego \u015brodowiska oraz organizatorami najwi\u0119kszych i ciekawych wydarze\u0144 z ca\u0142ej Polski odb\u0119dzie si\u0119 16 lutego 2017 w Centrum Kongresowym Targ\u00f3w Kielce. To pierwsze takie spotkanie w wojew\u00f3dztwie.\u00a0<\/b><\/h3>\n<p>Gala wr\u0119czenia nagr\u00f3d Event\u2019s Awards z wyst\u0119pem lokalnych artyst\u00f3w to jeden z\u00a0 pow\u00f3d, dla kt\u00f3rego warto zaplanowa\u0107 wyjazd do Centrum Kongresowego Targi Kielce.<\/p>\n<blockquote><p><i>&#8211; Opr\u00f3cz wartych zauwa\u017cenia prelekcji na zwiedzaj\u0105cych czeka r\u00f3wnie\u017c wiele innych atrakcji. To co wyr\u00f3\u017cnia Events Festival to zdecydowanie networking, czyli mo\u017cliwo\u015b\u0107 zapoznania si\u0119 mi\u0119dzy uczestnikami i nawi\u0105zania relacji, nie tylko biznesowych \u2013 <\/i><b><i>m\u00f3wi Paulina Pi\u0119ta, pomys\u0142odawczyni wydarzenia<\/i><\/b><i>. &#8211; Po raz pierwszy do Kielc przyjad\u0105 prelegenci z r\u00f3\u017cnych stron Polski, kt\u00f3rzy przeka\u017c\u0105 wiedz\u0119 na temat organizacji wydarze\u0144. Na miejscu ka\u017cdy z uczestnik\u00f3w dostanie solidn\u0105 porcj\u0119 eventowej wiedzy, mi\u0119dzy innymi w formie bezp\u0142atnych magazyn\u00f3w bran\u017cowych. Zapraszam wszystkich event manager\u00f3w, organizator\u00f3w wydarze\u0144 oraz firmy z r\u00f3\u017cnych bran\u017cy, bo w ko\u0144cu eventy dotycz\u0105 wielu dziedzin gospodarki <\/i>\u2013 dodaje.<\/p><\/blockquote>\n<h4><b>W gronie prelegent\u00f3w pojawi\u0105 si\u0119:\u00a0<\/b><\/h4>\n<ul>\n<li><b>Robert Rachwa\u0142 &#8211; <\/b>autor raportu na temat mobilnego Internetu (kwiecie\u0144 2011). Pasjonat najnowszych technologii i nowych medi\u00f3w. Pomys\u0142odawca i g\u0142\u00f3wny realizator <b>Mobile Trends Conference, najwi\u0119kszej konferencji mobile<\/b>, kt\u00f3ra odbywa si\u0119 ju\u017c po raz \u00f3smy. Pomys\u0142odawca Mobile Trends Awards, redaktor naczelny serwisu MobileTrends.pl<\/li>\n<\/ul>\n<p>Temat prelekcji: <b>Jak sprawi\u0107 by kolejna edycja by\u0142a jeszcze lepsza, czyli o wyci\u0105ganiu wniosk\u00f3w, feedbacku i retrospektywie.<\/b><\/p>\n<ul>\n<li><b>Agnieszka Sadowska<\/b> &#8211; na co dzie\u0144 stoi ona na czele zespo\u0142u kreatywnych i zaanga\u017cowanych ludzi spe\u0142niaj\u0105cych marzenia o zmianie psich los\u00f3w na lepsze w Fundacji Sarigato, kt\u00f3ra jest organizatorem akcji karmimypsiaki.pl.<\/li>\n<\/ul>\n<p>Temat prelekcji: <b>Jak skutecznie wykorzysta\u0107 eventy charytatywne do anga\u017cowania jak najwi\u0119kszej ilo\u015bci uczestnik\u00f3w.<\/b><\/p>\n<ul>\n<li><b>Andrzej Gruszka &#8211; <\/b>od ponad 7 lat zajmuje si\u0119 szeroko rozumian\u0105 komunikacj\u0105. Do\u015bwiadczenie zdobywa\u0142 przy projektach z obszaru public relations i social media. Obecnie pracuje w agencji marketingu zintegrowanego Mind Progress Group, gdzie specjalizuje si\u0119 g\u0142\u00f3wnie w dzia\u0142aniach z obszaru content marketingu i public relations. Odpowiada r\u00f3wnie\u017c za projekty wizerunkowe agencji i jej promocj\u0119. Jest tak\u017ce koordynatorem cyklu konferencji Marketing Progress oraz projekt\u00f3w edukacyjnych w jego ramach oraz redaktorem naczelnym kwartalnika o tej samej nazwie. Wyk\u0142adowca wroc\u0142awskiego oddzia\u0142u Uniwersytetu SWPS. Publikuje regularnie w mediach bran\u017cowych m.in. w Marketing w Praktyce, Brief, Interaktywnie.com czy Marketer+.<\/li>\n<\/ul>\n<p>Temat prelekcji: <b>Right content, right person, right time!<\/b><\/p>\n<ul>\n<li><b>Marek Piasek &#8211; <\/b>fascynuje si\u0119 automatyzacj\u0105 proces\u00f3w marketingu i sprzeda\u017cy. Odpowiada za marketing marek: Wolves Summit, See Bloggers, The Sales Gate. Pracuj\u0119 jako konsultant z klientami z Polski, Wielkiej Brytanii i USA. Specjalizuje si\u0119 w kampaniach typu &#8222;product launch&#8221; &#8211; wprowadzenie m\u0142odej marki lub &#8222;nowego wizerunku&#8221; na rynek.<\/li>\n<\/ul>\n<p>Temat prelekcji: <b>W jaki spos\u00f3b, w zaledwie 4 miesi\u0105ce z 2 letnim do\u015bwiadczeniem, zorganizowa\u0107 wydarzenie dla 2500 os\u00f3b z 7 cyfrowym bud\u017cetem.\u00a0<\/b>Rejestracja uczestnik\u00f3w i bilety dost\u0119pne online na stronie Events Festival do 14 lutego 2017 \u2013 <a href=\"http:\/\/www.eventsfestival.pl\" target=\"_blank\" rel=\"noopener\">www.eventsfestival.pl<\/a>.<\/p>\n","protected":false},"excerpt":{"rendered":"Events Festival, czyli podsumowanie bran\u017cy eventowej, spotkanie z autorytetami marketingowego \u015brodowiska oraz organizatorami najwi\u0119kszych i ciekawych wydarze\u0144 z&hellip;","protected":false},"author":2,"featured_media":178058,"comment_status":"open","ping_status":"closed","sticky":false,"template":"","format":"standard","meta":{"csco_display_header_overlay":false,"csco_singular_sidebar":"","csco_page_header_type":"","csco_page_load_nextpost":"","csco_post_video_location":[],"csco_post_video_location_hash":"","csco_post_video_url":"","csco_post_video_bg_start_time":0,"csco_post_video_bg_end_time":0,"footnotes":""},"categories":[46,4642],"tags":[11339,5040,9681],"class_list":{"0":"post-178054","1":"post","2":"type-post","3":"status-publish","4":"format-standard","5":"has-post-thumbnail","7":"category-wydarzenia","8":"category-polecamy","9":"tag-event-festival","10":"tag-polecamy","11":"tag-wydarzenia","12":"cs-entry","13":"cs-video-wrap"},"_links":{"self":[{"href":"https:\/\/mediarun.com\/pl\/wp-json\/wp\/v2\/posts\/178054","targetHints":{"allow":["GET"]}}],"collection":[{"href":"https:\/\/mediarun.com\/pl\/wp-json\/wp\/v2\/posts"}],"about":[{"href":"https:\/\/mediarun.com\/pl\/wp-json\/wp\/v2\/types\/post"}],"author":[{"embeddable":true,"href":"https:\/\/mediarun.com\/pl\/wp-json\/wp\/v2\/users\/2"}],"replies":[{"embeddable":true,"href":"https:\/\/mediarun.com\/pl\/wp-json\/wp\/v2\/comments?post=178054"}],"version-history":[{"count":0,"href":"https:\/\/mediarun.com\/pl\/wp-json\/wp\/v2\/posts\/178054\/revisions"}],"wp:featuredmedia":[{"embeddable":true,"href":"https:\/\/mediarun.com\/pl\/wp-json\/wp\/v2\/media\/178058"}],"wp:attachment":[{"href":"https:\/\/mediarun.com\/pl\/wp-json\/wp\/v2\/media?parent=178054"}],"wp:term":[{"taxonomy":"category","embeddable":true,"href":"https:\/\/mediarun.com\/pl\/wp-json\/wp\/v2\/categories?post=178054"},{"taxonomy":"post_tag","embeddable":true,"href":"https:\/\/mediarun.com\/pl\/wp-json\/wp\/v2\/tags?post=178054"}],"curies":[{"name":"wp","href":"https:\/\/api.w.org\/{rel}","templated":true}]}}