{"id":177988,"date":"2017-02-10T11:30:24","date_gmt":"2017-02-10T10:30:24","guid":{"rendered":"https:\/\/mediarun.com\/pl\/?p=177988"},"modified":"2017-03-22T21:35:53","modified_gmt":"2017-03-22T20:35:53","slug":"creative-answer-barwach-francji","status":"publish","type":"post","link":"https:\/\/mediarun.com\/pl\/marketing\/przetargi\/creative-answer-barwach-francji.html","title":{"rendered":"Creative Answer w barwach Francji"},"content":{"rendered":"<h3><b>Creative Answer zadba o graficzn\u0105 opraw\u0119 obchod\u00f3w \u015awi\u0119ta Francji. Agencja wygra\u0142a konkurs ofert na kompleksowe przygotowanie identyfikacji wizualnej dorocznych wydarze\u0144 organizowanych przez Francusko-Polsk\u0105 Izb\u0119 Gospodarcz\u0105 (CCIFP) w Warszawie, tj. Balu Francuskiego w ogrodach restauracji Endorfina oraz pikniku, kt\u00f3ry w ubieg\u0142ych latach odbywa\u0142 si\u0119 na Saskiej K\u0119pie.\u00a0<\/b><\/h3>\n<p>Francusko-Polska Izba Gospodarcza w drodze konkursu wy\u0142oni\u0142a firm\u0119, kt\u00f3ra przygotuje pe\u0142n\u0105 identyfikacj\u0119 wizualn\u0105 \u015awi\u0119ta Francji. Obchody tego wydarzenia w Warszawie sk\u0142ada\u0107 si\u0119 b\u0119d\u0105 z Balu Francuskiego oraz rodzinnego pikniku, kt\u00f3ry w ubieg\u0142ym roku odwiedzi\u0142o ponad 25 tysi\u0119cy os\u00f3b. Agencja Creative Answer b\u0119dzie odpowiedzialna za przygotowanie kreacji graficznej oraz opracowanie wszystkich materia\u0142\u00f3w promocyjnych, w tym video, do kampanii online i offline. Agencja stworzy tak\u017ce animacj\u0119 promuj\u0105c\u0105 \u015awi\u0119to Francji.<\/p>\n<p>Uroczysto\u015bci co roku skupiaj\u0105 przedstawicieli dyplomacji, francuskiego i polskiego biznesu, polityki, medi\u00f3w, a tak\u017ce wielu warszawiak\u00f3w.<\/p>\n<blockquote><p><i>\u2013<\/i> <i>Zdajemy sobie spraw\u0119, \u017ce s\u0105 to kluczowe wydarzenia w kalendarzu Izby, kt\u00f3re wspieraj\u0105 francusko-polskie relacje biznesowe, a tak\u017ce promuj\u0105 Francj\u0119 w\u015br\u00f3d szerokiej publiczno\u015bci. Zadbamy o to, aby komunikacja wizualna by\u0142a na najwy\u017cszym poziomie, odda\u0142a charakter uroczysto\u015bci, a kampania zach\u0119ci\u0142a jak najwi\u0119ksz\u0105 liczb\u0119 go\u015bci do uczestnictwa \u2013 <\/i>zapewnia Miko\u0142aj Soszy\u0144ski, CEO Creative Answer. Doda\u0142 tak\u017ce, i\u017c projektanci przygotowuj\u0105c materia\u0142 nawi\u0105\u017c\u0105 do francuskiej stylistyki. Agencja posiada w portfolio projekty zrealizowane dla francuskich klient\u00f3w, od lat nale\u017cy tak\u017ce do Francusko-Polskiej Izby Gospodarczej.<\/p><\/blockquote>\n<p>Creative Answer dysponuje do\u015bwiadczeniem w promocji i organizacji wydarze\u0144 w przestrzeni miejskiej. W czerwcu 2016 roku na zlecenie Polskiego Zwi\u0105zku Firm Deweloperskich Oddzia\u0142 Warszawa firma z sukcesem kompleksowo zrealizowa\u0142a pierwszy Piknik Mieszkaniowy \u201eDni Warszawy &#8211; moje miasto, m\u00f3j dom\u201d. Odwiedzi\u0142o go 17 tysi\u0119cy os\u00f3b, a \u0142\u0105czy\u0142 on ide\u0119 promowania mieszkania w stolicy i wiedzy na jej temat. Klient ponownie zleci\u0142 agencji realizacj\u0119 pikniku w bie\u017c\u0105cym roku.<\/p>\n","protected":false},"excerpt":{"rendered":"Creative Answer zadba o graficzn\u0105 opraw\u0119 obchod\u00f3w \u015awi\u0119ta Francji. Agencja wygra\u0142a konkurs ofert na kompleksowe przygotowanie identyfikacji wizualnej&hellip;","protected":false},"author":2,"featured_media":178000,"comment_status":"open","ping_status":"closed","sticky":false,"template":"","format":"standard","meta":{"csco_display_header_overlay":false,"csco_singular_sidebar":"","csco_page_header_type":"","csco_page_load_nextpost":"","csco_post_video_location":[],"csco_post_video_location_hash":"","csco_post_video_url":"","csco_post_video_bg_start_time":0,"csco_post_video_bg_end_time":0,"footnotes":""},"categories":[9639,4636],"tags":[11334,11333,11335],"class_list":{"0":"post-177988","1":"post","2":"type-post","3":"status-publish","4":"format-standard","5":"has-post-thumbnail","7":"category-marketing","8":"category-przetargi","9":"tag-ccifp","10":"tag-creaive-answer","11":"tag-francuska-polska-izba-gospodarcza","12":"cs-entry","13":"cs-video-wrap"},"_links":{"self":[{"href":"https:\/\/mediarun.com\/pl\/wp-json\/wp\/v2\/posts\/177988","targetHints":{"allow":["GET"]}}],"collection":[{"href":"https:\/\/mediarun.com\/pl\/wp-json\/wp\/v2\/posts"}],"about":[{"href":"https:\/\/mediarun.com\/pl\/wp-json\/wp\/v2\/types\/post"}],"author":[{"embeddable":true,"href":"https:\/\/mediarun.com\/pl\/wp-json\/wp\/v2\/users\/2"}],"replies":[{"embeddable":true,"href":"https:\/\/mediarun.com\/pl\/wp-json\/wp\/v2\/comments?post=177988"}],"version-history":[{"count":0,"href":"https:\/\/mediarun.com\/pl\/wp-json\/wp\/v2\/posts\/177988\/revisions"}],"wp:featuredmedia":[{"embeddable":true,"href":"https:\/\/mediarun.com\/pl\/wp-json\/wp\/v2\/media\/178000"}],"wp:attachment":[{"href":"https:\/\/mediarun.com\/pl\/wp-json\/wp\/v2\/media?parent=177988"}],"wp:term":[{"taxonomy":"category","embeddable":true,"href":"https:\/\/mediarun.com\/pl\/wp-json\/wp\/v2\/categories?post=177988"},{"taxonomy":"post_tag","embeddable":true,"href":"https:\/\/mediarun.com\/pl\/wp-json\/wp\/v2\/tags?post=177988"}],"curies":[{"name":"wp","href":"https:\/\/api.w.org\/{rel}","templated":true}]}}