{"id":177927,"date":"2017-02-07T09:57:43","date_gmt":"2017-02-07T08:57:43","guid":{"rendered":"https:\/\/mediarun.com\/pl\/?p=177927"},"modified":"2017-03-22T21:35:54","modified_gmt":"2017-03-22T20:35:54","slug":"ipg-mediabrands-tworzy-stanowisko-pr-managera","status":"publish","type":"post","link":"https:\/\/mediarun.com\/pl\/ludzie\/kariera\/ipg-mediabrands-tworzy-stanowisko-pr-managera.html","title":{"rendered":"IPG Mediabrands tworzy stanowisko PR Managera"},"content":{"rendered":"<h3>Joanna Dziwisi\u0144ska \u2013 Grzelak b\u0119dzie odpowiedzialna za komunikacj\u0119 grupy IPG Mediabrands.<\/h3>\n<p>Grupa IPG Mediabrands powo\u0142a\u0142a nowe stanowisko PR managera. Funkcj\u0119 t\u0119 powierzono <b>Joannie Dziwisi\u0144skiej \u2013 Grzelak<\/b>. W zwi\u0105zku z rosn\u0105c\u0105 rol\u0105 komunikacj\u0105 digitalow\u0105 Dziwisi\u0144ska-Grzelak b\u0119dzie bezpo\u015brednio raportowa\u0107 do <b>Anny Gruszki<\/b>, <b>Chief Digital Officer w IPG Mediabrands.<\/b><\/p>\n<p>Joanna Dziwisi\u0144ska \u2013 Grzelak poprzednio zwi\u0105zana by\u0142a z domem mediowym MediaCom Warszawa, gdzie pe\u0142ni\u0142a analogiczne stanowisko. Wcze\u015bniej, przez kilkana\u015bcie lat, pracowa\u0142a jako dziennikarz w redakcji magazynu \u201eMedia i Marketing Polska\u201d oraz MMP24.<\/p>\n<p><b>IPG Mediabrands<\/b>\u00a0 to mi\u0119dzynarodowa grupa komunikacyjna, kt\u00f3ra \u0142\u0105czy globalne do\u015bwiadczenie \u00a0ze znajomo\u015bci\u0105 polskich reali\u00f3w. Do sieci nale\u017c\u0105 domy mediowe: UM, Initiative, U2, BPN oraz wyspecjalizowane jednostki: Mediabrands Social (agencja social), Reprise Media (performance marketing) , Mediabrands Studios (branded content) oraz dzia\u0142 analityki Mediabrands Analitycs.<\/p>\n","protected":false},"excerpt":{"rendered":"Joanna Dziwisi\u0144ska \u2013 Grzelak b\u0119dzie odpowiedzialna za komunikacj\u0119 grupy IPG Mediabrands. Grupa IPG Mediabrands powo\u0142a\u0142a nowe stanowisko PR&hellip;","protected":false},"author":2,"featured_media":177929,"comment_status":"open","ping_status":"closed","sticky":false,"template":"","format":"standard","meta":{"csco_display_header_overlay":false,"csco_singular_sidebar":"","csco_page_header_type":"","csco_page_load_nextpost":"","csco_post_video_location":[],"csco_post_video_location_hash":"","csco_post_video_url":"","csco_post_video_bg_start_time":0,"csco_post_video_bg_end_time":0,"footnotes":""},"categories":[9677,9678,5909],"tags":[11329,10979,4679,4009],"class_list":{"0":"post-177927","1":"post","2":"type-post","3":"status-publish","4":"format-standard","5":"has-post-thumbnail","7":"category-ludzie","8":"category-awanse","9":"category-kariera","10":"tag-ipg-mediabrands","11":"tag-kadra","12":"tag-ludzie","13":"tag-praca-2","14":"cs-entry","15":"cs-video-wrap"},"_links":{"self":[{"href":"https:\/\/mediarun.com\/pl\/wp-json\/wp\/v2\/posts\/177927","targetHints":{"allow":["GET"]}}],"collection":[{"href":"https:\/\/mediarun.com\/pl\/wp-json\/wp\/v2\/posts"}],"about":[{"href":"https:\/\/mediarun.com\/pl\/wp-json\/wp\/v2\/types\/post"}],"author":[{"embeddable":true,"href":"https:\/\/mediarun.com\/pl\/wp-json\/wp\/v2\/users\/2"}],"replies":[{"embeddable":true,"href":"https:\/\/mediarun.com\/pl\/wp-json\/wp\/v2\/comments?post=177927"}],"version-history":[{"count":0,"href":"https:\/\/mediarun.com\/pl\/wp-json\/wp\/v2\/posts\/177927\/revisions"}],"wp:featuredmedia":[{"embeddable":true,"href":"https:\/\/mediarun.com\/pl\/wp-json\/wp\/v2\/media\/177929"}],"wp:attachment":[{"href":"https:\/\/mediarun.com\/pl\/wp-json\/wp\/v2\/media?parent=177927"}],"wp:term":[{"taxonomy":"category","embeddable":true,"href":"https:\/\/mediarun.com\/pl\/wp-json\/wp\/v2\/categories?post=177927"},{"taxonomy":"post_tag","embeddable":true,"href":"https:\/\/mediarun.com\/pl\/wp-json\/wp\/v2\/tags?post=177927"}],"curies":[{"name":"wp","href":"https:\/\/api.w.org\/{rel}","templated":true}]}}