{"id":177727,"date":"2017-01-31T13:18:19","date_gmt":"2017-01-31T12:18:19","guid":{"rendered":"https:\/\/mediarun.com\/pl\/?p=177727"},"modified":"2017-03-22T21:35:58","modified_gmt":"2017-03-22T20:35:58","slug":"alma-jednak-zakonczy-swoja-dzialalnosc-wniosek-o-umorzenie-postepowania","status":"publish","type":"post","link":"https:\/\/mediarun.com\/pl\/finanse\/alma-jednak-zakonczy-swoja-dzialalnosc-wniosek-o-umorzenie-postepowania.html","title":{"rendered":"Alma jednak zako\u0144czy swoj\u0105 dzia\u0142alno\u015b\u0107? Jest wniosek o umorzenie post\u0119powania"},"content":{"rendered":"<h3>Czy to jednak koniec dzia\u0142alno\u015bci Almy? Na to wygl\u0105da. W kr\u00f3tkim komunikacie, sp\u00f3\u0142ka podaje, \u017ce z\u0142ozy\u0142a wniosek o umorzenie post\u0119powania sanacyjnego, kt\u00f3re mia\u0142o uratowa\u0107 delikatesy przed kompletnym zamkni\u0119ciem i przywr\u00f3ci\u0107 je &#8222;do \u017cycia&#8221;.<\/h3>\n<p>W grudniu ubieg\u0142ego roku s\u0105d w Krakowie podj\u0105\u0142 decyzj\u0119 o otwarciu post\u0119powania sanacyjnego sp\u00f3\u0142ki. Oznacza\u0142o ono, \u017ce wszelkie wnioski o ca\u0142kowite og\u0142oszenie upad\u0142o\u015bci zosta\u0142y przez s\u0105d oddalone. Niestety wszcz\u0119te przez sp\u00f3\u0142k\u0119 procedury, nie zda\u0142y si\u0119 przynie\u015b\u0107 oczekiwanych rezultat\u00f3w. W o\u015bwiadczeniu czytamy:<\/p>\n<blockquote><p><em>Zarz\u0105d Alma Market S.A. w restrukturyzacji (dalej: Sp\u00f3\u0142ka), przekazuje do publicznej wiadomo\u015bci informacj\u0119 poufn\u0105 o z\u0142o\u017ceniu w dniu 30 stycznia 2017 r. w S\u0105dzie Rejonowym dla Krakowa &#8211; \u015ar\u00f3dmie\u015bcia w Krakowie VIII Wydzia\u0142 Gospodarczy dla spraw upad\u0142o\u015bciowych i restrukturyzacyjnych, wniosku zarz\u0105dcy masy sanacyjnej o umorzenie post\u0119powania sanacyjnego Sp\u00f3\u0142ki na podstawie art. 325 ust. 1 pkt. 1), art. 355 ust. 2 i art. 326 ust. 2 i 3 ustawy Pr. Restrukturyzacyjne. \u00a0<\/em><\/p>\n<p><em>Podstawa prawna:\u00a0<\/em><br \/>\n<em>Art. 17 rozporz\u0105dzenia MAR \u2013 informacje poufne.<\/em><\/p><\/blockquote>\n<p>Takie zachowanie sp\u00f3\u0142ki mo\u017ce \u015bwiadczy\u0107 o tym, \u017ce nie zamierza dalej ratowa\u0107 swojego biznesu. Wi\u0105za\u0142oby si\u0119 to ze szkodami dla cz\u0142onk\u00f3w sp\u00f3\u0142ki i wierzycieli.<\/p>\n","protected":false},"excerpt":{"rendered":"Czy to jednak koniec dzia\u0142alno\u015bci Almy? Na to wygl\u0105da. W kr\u00f3tkim komunikacie, sp\u00f3\u0142ka podaje, \u017ce z\u0142ozy\u0142a wniosek o&hellip;","protected":false},"author":2,"featured_media":177729,"comment_status":"open","ping_status":"closed","sticky":false,"template":"","format":"standard","meta":{"csco_display_header_overlay":false,"csco_singular_sidebar":"","csco_page_header_type":"","csco_page_load_nextpost":"","csco_post_video_location":[],"csco_post_video_location_hash":"","csco_post_video_url":"","csco_post_video_bg_start_time":0,"csco_post_video_bg_end_time":0,"footnotes":""},"categories":[8092],"tags":[9222,3726,11320,3560,7546,3928],"class_list":{"0":"post-177727","1":"post","2":"type-post","3":"status-publish","4":"format-standard","5":"has-post-thumbnail","7":"category-finanse","8":"tag-alma","9":"tag-biznes-2","10":"tag-delikatesy","11":"tag-finanse","12":"tag-upadlosc","13":"tag-zakupy","14":"cs-entry","15":"cs-video-wrap"},"_links":{"self":[{"href":"https:\/\/mediarun.com\/pl\/wp-json\/wp\/v2\/posts\/177727","targetHints":{"allow":["GET"]}}],"collection":[{"href":"https:\/\/mediarun.com\/pl\/wp-json\/wp\/v2\/posts"}],"about":[{"href":"https:\/\/mediarun.com\/pl\/wp-json\/wp\/v2\/types\/post"}],"author":[{"embeddable":true,"href":"https:\/\/mediarun.com\/pl\/wp-json\/wp\/v2\/users\/2"}],"replies":[{"embeddable":true,"href":"https:\/\/mediarun.com\/pl\/wp-json\/wp\/v2\/comments?post=177727"}],"version-history":[{"count":0,"href":"https:\/\/mediarun.com\/pl\/wp-json\/wp\/v2\/posts\/177727\/revisions"}],"wp:featuredmedia":[{"embeddable":true,"href":"https:\/\/mediarun.com\/pl\/wp-json\/wp\/v2\/media\/177729"}],"wp:attachment":[{"href":"https:\/\/mediarun.com\/pl\/wp-json\/wp\/v2\/media?parent=177727"}],"wp:term":[{"taxonomy":"category","embeddable":true,"href":"https:\/\/mediarun.com\/pl\/wp-json\/wp\/v2\/categories?post=177727"},{"taxonomy":"post_tag","embeddable":true,"href":"https:\/\/mediarun.com\/pl\/wp-json\/wp\/v2\/tags?post=177727"}],"curies":[{"name":"wp","href":"https:\/\/api.w.org\/{rel}","templated":true}]}}