{"id":17749,"date":"2011-03-30T11:21:59","date_gmt":"2011-03-30T09:21:59","guid":{"rendered":"https:\/\/mediarun.com\/index.php\/news-posts\/tvp-polonia-obchodzi-18-urodziny\/"},"modified":"2011-03-30T11:21:59","modified_gmt":"2011-03-30T09:21:59","slug":"tvp-polonia-obchodzi-18-urodziny","status":"publish","type":"post","link":"https:\/\/mediarun.com\/pl\/media\/tv\/tvp-polonia-obchodzi-18-urodziny.html","title":{"rendered":"TVP Polonia obchodzi 18. urodziny"},"content":{"rendered":"<p>Go\u015b\u0107mi Agaty Konarskiej b\u0119d\u0105 pomys\u0142odawcy i tw&oacute;rcy pierwszego w Polsce programu telewizji dla zagranicy, m.in.: Barbara Borys-Dami\u0119cka, Janusz Zaorski i Witold Laskowski.<\/p>\n<p>Wspomnienia o tym, jak by\u0142a tworzona TVP Polonia 18 lat temu, jak zmienia\u0142a si\u0119 antena polonijna TVP na przestrzeni lat, a tak\u017ce sk\u0105d wzi\u0105\u0142 si\u0119 pomys\u0142 na w\u0142asny serwis informacyjny &#8211; b\u0119d\u0105 g\u0142&oacute;wnym tematem specjalnego wydania &#8222;Polska 24 &#8211; Opinie&#8221; 31 marca br. o godz. 22.05. Widzowie spotkaj\u0105 si\u0119 z: Barbar\u0105 Borys-Dami\u0119ck\u0105, obecnie senatorem RP i przewodnicz\u0105c\u0105 Rady Programowej TVP Polonia; Januszem Zaorskim, cenionym re\u017cyserem filmowym oraz obecnym dyrektorem anteny, Witoldem Laskowskim. Go\u015bciem programu b\u0119dzie te\u017c znakomity kompozytor, laureat Oskara, Jan A.P. Kaczmarek &#8211; laureat nagrody przyznawanej przez TVP Polonia &#8222;Za zas\u0142ugi dla Polski i Polak&oacute;w poza granicami kraju&#8221;. Program poprowadzi Agata Konarska, kt&oacute;ra swoj\u0105 drog\u0119 zawodow\u0105 zaczyna\u0142a w TVP Polonia.<\/p>\n<p>31 marca br. w TVP Polonia zaprezentowane zostan\u0105 nowe, specjalne czo\u0142&oacute;wki i spoty z \u017cyczeniami od przyjaci&oacute;\u0142 anteny, a s\u0105 to: Barbara Borys-Dami\u0119cka, Janusz Zaorski, Jan Englert, Wojtek Fibak, Micha\u0142 Urbaniak, Ma\u0142gorzata Braunek, Irena Santor, Piotr Kupicha, Zesp&oacute;\u0142 Kombi, Natasza Urba\u0144ska, Mateusz Kusznierewicz, Joanna Brodzik, Alina Janowska, Katarzyna Pakosi\u0144ska, Maja W\u0142oszczowska i Maryla Rodowicz.<\/p>\n<p>Program Satelitarny TVP Polonia rozpocz\u0105\u0142 nadawanie programu 31 marca 1993 r. o godz. 16.00, jako trzecia antena telewizyjna w Polsce, po TVP1 i TVP2. TVP Polonia przeznaczona jest g\u0142&oacute;wnie dla Polonii i Polak&oacute;w mieszkaj\u0105cych za granic\u0105.<\/p>\n","protected":false},"excerpt":{"rendered":"Z okazji swego 18-lecia TVP Polonia na 31 marca br. przygotowa\u0142a specjaln\u0105 opraw\u0119 dnia oraz wydanie programu &#8222;Polska 24 &#8211; Opinie&#8221;, kt&oacute;re b\u0119dzie po\u015bwi\u0119cone jubileuszowi.","protected":false},"author":1,"featured_media":17750,"comment_status":"open","ping_status":"closed","sticky":false,"template":"","format":"standard","meta":{"csco_display_header_overlay":false,"csco_singular_sidebar":"","csco_page_header_type":"","csco_page_load_nextpost":"","csco_post_video_location":[],"csco_post_video_location_hash":"","csco_post_video_url":"","csco_post_video_bg_start_time":0,"csco_post_video_bg_end_time":0,"footnotes":""},"categories":[9670],"tags":[1981],"class_list":{"0":"post-17749","1":"post","2":"type-post","3":"status-publish","4":"format-standard","5":"has-post-thumbnail","7":"category-tv","8":"tag-tvp-polonia","9":"cs-entry","10":"cs-video-wrap"},"_links":{"self":[{"href":"https:\/\/mediarun.com\/pl\/wp-json\/wp\/v2\/posts\/17749","targetHints":{"allow":["GET"]}}],"collection":[{"href":"https:\/\/mediarun.com\/pl\/wp-json\/wp\/v2\/posts"}],"about":[{"href":"https:\/\/mediarun.com\/pl\/wp-json\/wp\/v2\/types\/post"}],"author":[{"embeddable":true,"href":"https:\/\/mediarun.com\/pl\/wp-json\/wp\/v2\/users\/1"}],"replies":[{"embeddable":true,"href":"https:\/\/mediarun.com\/pl\/wp-json\/wp\/v2\/comments?post=17749"}],"version-history":[{"count":0,"href":"https:\/\/mediarun.com\/pl\/wp-json\/wp\/v2\/posts\/17749\/revisions"}],"wp:featuredmedia":[{"embeddable":true,"href":"https:\/\/mediarun.com\/pl\/wp-json\/wp\/v2\/media\/17750"}],"wp:attachment":[{"href":"https:\/\/mediarun.com\/pl\/wp-json\/wp\/v2\/media?parent=17749"}],"wp:term":[{"taxonomy":"category","embeddable":true,"href":"https:\/\/mediarun.com\/pl\/wp-json\/wp\/v2\/categories?post=17749"},{"taxonomy":"post_tag","embeddable":true,"href":"https:\/\/mediarun.com\/pl\/wp-json\/wp\/v2\/tags?post=17749"}],"curies":[{"name":"wp","href":"https:\/\/api.w.org\/{rel}","templated":true}]}}