{"id":17739,"date":"2011-03-30T16:27:04","date_gmt":"2011-03-30T14:27:04","guid":{"rendered":"https:\/\/mediarun.com\/index.php\/news-posts\/powstala-wspolna-redakcja-dziewczyny-i-popcornu\/"},"modified":"2011-03-30T16:27:04","modified_gmt":"2011-03-30T14:27:04","slug":"powstala-wspolna-redakcja-dziewczyny-i-popcornu","status":"publish","type":"post","link":"https:\/\/mediarun.com\/pl\/media\/prasa\/powstala-wspolna-redakcja-dziewczyny-i-popcornu.html","title":{"rendered":"Powsta\u0142a wsp\u00f3lna redakcja Dziewczyny i Popcornu"},"content":{"rendered":"<p>Ewa Mo\u015bcicka, kt&oacute;ra ze sp&oacute;\u0142k\u0105 zwi\u0105zana jest od jedenastu lat, obejmie r&oacute;wnie\u017c stanowisko redaktor naczelnej miesi\u0119cznika Dziewczyna. Struktura organizacyjna ulega zmianie, jednak wi\u0119kszo\u015b\u0107 pracownik&oacute;w obu tytu\u0142&oacute;w znajdzie zatrudnienie w nowo powsta\u0142ej redakcji.<\/p>\n<p>Z wydawnictwem rozstaje si\u0119 Andrzej Gumulak, dotychczasowy redaktor naczelny Dziewczyny, oraz pi\u0119\u0107 innych os&oacute;b zajmuj\u0105cych dubluj\u0105ce si\u0119 stanowiska. Zatrudnienie w pionie biznesowym segmentu magazyn&oacute;w m\u0142odzie\u017cowych pozostaje bez zmian.<\/p>\n<p>Celem po\u0142\u0105czenia obu redakcji jest poprawienie wyniku ekonomicznego tytu\u0142&oacute;w m\u0142odzie\u017cowych, kt&oacute;re wydawca planuje osi\u0105gn\u0105\u0107 poprzez zoptymalizowanie proces&oacute;w biznesowych i uproszczenie zarz\u0105dzania w segmencie. W Ringier Axel Springer Polska na podobnych zasadach funkcjonuj\u0105 ju\u017c zespo\u0142y redakcyjne segmentu motoryzacyjnego (grupa tytu\u0142&oacute;w Auto \u015awiat) i komputerowego (grupa tytu\u0142&oacute;w Komputer \u015awiat).<\/p>\n<p>Miesi\u0119czniki Popcorn i Dziewczyna obecne s\u0105 w portfolio Ringier Axel Springer Polska od 2000 roku.<\/p>\n","protected":false},"excerpt":{"rendered":"Ringier Axel Springer Polska integruje redakcje Dziewczyny i Popcornu. Po\u0142\u0105czonym zespo\u0142em obu tytu\u0142&oacute;w pokieruje Ewa Mo\u015bcicka, redaktor naczelna Popcornu.","protected":false},"author":1,"featured_media":17740,"comment_status":"open","ping_status":"closed","sticky":false,"template":"","format":"standard","meta":{"csco_display_header_overlay":false,"csco_singular_sidebar":"","csco_page_header_type":"","csco_page_load_nextpost":"","csco_post_video_location":[],"csco_post_video_location_hash":"","csco_post_video_url":"","csco_post_video_bg_start_time":0,"csco_post_video_bg_end_time":0,"footnotes":""},"categories":[9673],"tags":[126],"class_list":{"0":"post-17739","1":"post","2":"type-post","3":"status-publish","4":"format-standard","5":"has-post-thumbnail","7":"category-prasa","8":"tag-ringier-axel-springer","9":"cs-entry","10":"cs-video-wrap"},"_links":{"self":[{"href":"https:\/\/mediarun.com\/pl\/wp-json\/wp\/v2\/posts\/17739","targetHints":{"allow":["GET"]}}],"collection":[{"href":"https:\/\/mediarun.com\/pl\/wp-json\/wp\/v2\/posts"}],"about":[{"href":"https:\/\/mediarun.com\/pl\/wp-json\/wp\/v2\/types\/post"}],"author":[{"embeddable":true,"href":"https:\/\/mediarun.com\/pl\/wp-json\/wp\/v2\/users\/1"}],"replies":[{"embeddable":true,"href":"https:\/\/mediarun.com\/pl\/wp-json\/wp\/v2\/comments?post=17739"}],"version-history":[{"count":0,"href":"https:\/\/mediarun.com\/pl\/wp-json\/wp\/v2\/posts\/17739\/revisions"}],"wp:featuredmedia":[{"embeddable":true,"href":"https:\/\/mediarun.com\/pl\/wp-json\/wp\/v2\/media\/17740"}],"wp:attachment":[{"href":"https:\/\/mediarun.com\/pl\/wp-json\/wp\/v2\/media?parent=17739"}],"wp:term":[{"taxonomy":"category","embeddable":true,"href":"https:\/\/mediarun.com\/pl\/wp-json\/wp\/v2\/categories?post=17739"},{"taxonomy":"post_tag","embeddable":true,"href":"https:\/\/mediarun.com\/pl\/wp-json\/wp\/v2\/tags?post=17739"}],"curies":[{"name":"wp","href":"https:\/\/api.w.org\/{rel}","templated":true}]}}