{"id":17735,"date":"2011-03-30T16:44:27","date_gmt":"2011-03-30T14:44:27","guid":{"rendered":"https:\/\/mediarun.com\/index.php\/news-posts\/przerwa-wydawca-w-dziale-informacji-grupy-radiowej-time\/"},"modified":"2015-03-17T11:31:07","modified_gmt":"2015-03-17T11:31:07","slug":"przerwa-wydawca-w-dziale-informacji-grupy-radiowej-time","status":"publish","type":"post","link":"https:\/\/mediarun.com\/pl\/ludzie\/kariera\/przerwa-wydawca-w-dziale-informacji-grupy-radiowej-time.html","title":{"rendered":"Przerwa wydawc\u0105 w dziale informacji Grupy Radiowej Time"},"content":{"rendered":"<p>Przerwa wype\u0142ni wakat, kt&oacute;ry powsta\u0142 na tym stanowisku w zwi\u0105zku z awansem Beaty Piekarskiej na szefa dzia\u0142u. Od 1 kwietnia dzia\u0142 informacji b\u0119dzie mia\u0142 zatem dw&oacute;ch wydawc&oacute;w &#8211; Katarzyn\u0119 Nowakowsk\u0105, kt&oacute;ra jednocze\u015bnie pe\u0142ni funkcj\u0119 zast\u0119pcy szefa newsroomu i Micha\u0142a Przerw\u0119.<\/p>\n<p>Micha\u0142 Przerwa karier\u0119 zawodow\u0105 zaczyna\u0142 w Radiu Eska jako reporter, a nast\u0119pnie wydawca, do kt&oacute;rego powr&oacute;ci\u0142 po blisko 10 latach. Przez kilka lat by\u0142 zwi\u0105zany z Radiem Zet, gdzie pe\u0142ni\u0142 funkcje redaktora wydania wiadomo\u015bci i sekretarza redakcji. Ostatnio pracowa\u0142 w portalu Gazeta.pl, w kt&oacute;rym zajmowa\u0142 stanowisko wydawcy serwis&oacute;w informacyjnych.<\/p>\n<p>Portfolio Grupy Radiowej Time tworz\u0105 sieci Eska, Eska Rock, Radio Wawa i Vox FM.<\/p>\n","protected":false},"excerpt":{"rendered":"Micha\u0142 Przerwa obejmie z pocz\u0105tkiem kwietnia funkcj\u0119 wydawcy w dziale informacji Grupy Radiowej Time.","protected":false},"author":1,"featured_media":17736,"comment_status":"open","ping_status":"closed","sticky":false,"template":"","format":"standard","meta":{"csco_display_header_overlay":false,"csco_singular_sidebar":"","csco_page_header_type":"","csco_page_load_nextpost":"","csco_post_video_location":[],"csco_post_video_location_hash":"","csco_post_video_url":"","csco_post_video_bg_start_time":0,"csco_post_video_bg_end_time":0,"footnotes":""},"categories":[5909],"tags":[1339],"class_list":{"0":"post-17735","1":"post","2":"type-post","3":"status-publish","4":"format-standard","5":"has-post-thumbnail","7":"category-kariera","8":"tag-grupa-radiowa-time","9":"cs-entry","10":"cs-video-wrap"},"_links":{"self":[{"href":"https:\/\/mediarun.com\/pl\/wp-json\/wp\/v2\/posts\/17735","targetHints":{"allow":["GET"]}}],"collection":[{"href":"https:\/\/mediarun.com\/pl\/wp-json\/wp\/v2\/posts"}],"about":[{"href":"https:\/\/mediarun.com\/pl\/wp-json\/wp\/v2\/types\/post"}],"author":[{"embeddable":true,"href":"https:\/\/mediarun.com\/pl\/wp-json\/wp\/v2\/users\/1"}],"replies":[{"embeddable":true,"href":"https:\/\/mediarun.com\/pl\/wp-json\/wp\/v2\/comments?post=17735"}],"version-history":[{"count":0,"href":"https:\/\/mediarun.com\/pl\/wp-json\/wp\/v2\/posts\/17735\/revisions"}],"wp:featuredmedia":[{"embeddable":true,"href":"https:\/\/mediarun.com\/pl\/wp-json\/wp\/v2\/media\/17736"}],"wp:attachment":[{"href":"https:\/\/mediarun.com\/pl\/wp-json\/wp\/v2\/media?parent=17735"}],"wp:term":[{"taxonomy":"category","embeddable":true,"href":"https:\/\/mediarun.com\/pl\/wp-json\/wp\/v2\/categories?post=17735"},{"taxonomy":"post_tag","embeddable":true,"href":"https:\/\/mediarun.com\/pl\/wp-json\/wp\/v2\/tags?post=17735"}],"curies":[{"name":"wp","href":"https:\/\/api.w.org\/{rel}","templated":true}]}}