{"id":17733,"date":"2011-03-30T17:05:14","date_gmt":"2011-03-30T15:05:14","guid":{"rendered":"https:\/\/mediarun.com\/index.php\/news-posts\/tvn-detektywi-w11-i-sedzia-wesolowska-lacza-sily\/"},"modified":"2011-03-30T17:05:14","modified_gmt":"2011-03-30T15:05:14","slug":"tvn-detektywi-w11-i-sedzia-wesolowska-lacza-sily","status":"publish","type":"post","link":"https:\/\/mediarun.com\/pl\/media\/tv\/tvn-detektywi-w11-i-sedzia-wesolowska-lacza-sily.html","title":{"rendered":"TVN: Detektywi, W11 i s\u0119dzia Weso\u0142owska \u0142\u0105cz\u0105 si\u0142y"},"content":{"rendered":"<p>W czwartek, 14 kwietnia, stacja poka\u017ce histori\u0119, kt&oacute;ra wp\u0142ynie do biura detektyw&oacute;w. Jej przebieg zmusi do natychmiastowego dzia\u0142ania komisarzy z W11, co b\u0119dzie mo\u017cna zobaczy\u0107 jeszcze tego samego dnia. A w pi\u0105tek, 15 kwietnia, s\u0119dzia Anna Maria Weso\u0142owska zdecyduje jaki b\u0119dzie fina\u0142 sprawy &#8222;Przekl\u0119tego&#8221;.<\/p>\n<p>Histori\u0119 &#8222;Przekl\u0119tego&#8221; widzowie b\u0119d\u0105 mogli \u015bledzi\u0107 ogl\u0105daj\u0105c 3 programy na antenie <a href=\"http:\/\/dlafirm.mediarun.pl\/katalog\/firma\/tvn,958,1.html\" target=\"_blank\" rel=\"noopener\">TVN<\/a>:<br \/>&#8211; &#8222;Detektywi&#8221; &#8211; emisja 14 kwietnia, godz. 18.25<br \/>&#8211; &#8222;W11 Wydzia\u0142 \u015aledczy&#8221; &#8211; emisja 14 kwietnia, godz. 20.45<br \/>&#8211; &#8222;S\u0119dzia Anna Maria Weso\u0142owska&#8221; &#8211; emisja 15 kwietnia, godz. 16.55<\/p>\n","protected":false},"excerpt":{"rendered":"W kwietniu widzowie TVN b\u0119d\u0105 \u015bwiadkami sprawy, w kt&oacute;rej rozwi\u0105zanie zaanga\u017cuj\u0105 si\u0119 Detektywi oraz komisarze z Wydzia\u0142u W11, a wyrok postawi s\u0119dzia Anna Maria Weso\u0142owska.","protected":false},"author":1,"featured_media":17734,"comment_status":"open","ping_status":"closed","sticky":false,"template":"","format":"standard","meta":{"csco_display_header_overlay":false,"csco_singular_sidebar":"","csco_page_header_type":"","csco_page_load_nextpost":"","csco_post_video_location":[],"csco_post_video_location_hash":"","csco_post_video_url":"","csco_post_video_bg_start_time":0,"csco_post_video_bg_end_time":0,"footnotes":""},"categories":[9670],"tags":[98],"class_list":{"0":"post-17733","1":"post","2":"type-post","3":"status-publish","4":"format-standard","5":"has-post-thumbnail","7":"category-tv","8":"tag-tvn","9":"cs-entry","10":"cs-video-wrap"},"_links":{"self":[{"href":"https:\/\/mediarun.com\/pl\/wp-json\/wp\/v2\/posts\/17733","targetHints":{"allow":["GET"]}}],"collection":[{"href":"https:\/\/mediarun.com\/pl\/wp-json\/wp\/v2\/posts"}],"about":[{"href":"https:\/\/mediarun.com\/pl\/wp-json\/wp\/v2\/types\/post"}],"author":[{"embeddable":true,"href":"https:\/\/mediarun.com\/pl\/wp-json\/wp\/v2\/users\/1"}],"replies":[{"embeddable":true,"href":"https:\/\/mediarun.com\/pl\/wp-json\/wp\/v2\/comments?post=17733"}],"version-history":[{"count":0,"href":"https:\/\/mediarun.com\/pl\/wp-json\/wp\/v2\/posts\/17733\/revisions"}],"wp:featuredmedia":[{"embeddable":true,"href":"https:\/\/mediarun.com\/pl\/wp-json\/wp\/v2\/media\/17734"}],"wp:attachment":[{"href":"https:\/\/mediarun.com\/pl\/wp-json\/wp\/v2\/media?parent=17733"}],"wp:term":[{"taxonomy":"category","embeddable":true,"href":"https:\/\/mediarun.com\/pl\/wp-json\/wp\/v2\/categories?post=17733"},{"taxonomy":"post_tag","embeddable":true,"href":"https:\/\/mediarun.com\/pl\/wp-json\/wp\/v2\/tags?post=17733"}],"curies":[{"name":"wp","href":"https:\/\/api.w.org\/{rel}","templated":true}]}}