{"id":17707,"date":"2011-03-31T12:30:11","date_gmt":"2011-03-31T10:30:11","guid":{"rendered":"https:\/\/mediarun.com\/index.php\/news-posts\/eurosport-z-nowa-oprawa-graficzna-wideo\/"},"modified":"2011-03-31T12:30:11","modified_gmt":"2011-03-31T10:30:11","slug":"eurosport-z-nowa-oprawa-graficzna-wideo","status":"publish","type":"post","link":"https:\/\/mediarun.com\/pl\/media\/tv\/eurosport-z-nowa-oprawa-graficzna-wideo.html","title":{"rendered":"Eurosport z now\u0105 opraw\u0105 graficzn\u0105 (wideo)"},"content":{"rendered":"<p>5 kwietnia&nbsp;<a href=\"http:\/\/dlafirm.mediarun.pl\/katalog\/firma\/eurosport-polska,7626,1.html\" target=\"_blank\" rel=\"noopener\">Grupa Eurosport<\/a> wprowadzi now\u0105 identyfikacj\u0119 wizualn\u0105 marki dla swojej platformy multimedialnej dzia\u0142aj\u0105cej na rynkach w Europie, Afryce P&oacute;\u0142nocnej, na Bliskim Wschodzie i w rejonie Azji-Pacyfiku.<\/p>\n<p>Zmiana jest wynikiem trwaj\u0105cych 18 miesi\u0119cy prac nad mark\u0105, kt&oacute;re zaowocowa\u0142y wprowadzeniem nowych element&oacute;w graficznych na anten\u0119 kana\u0142&oacute;w, nowej \u015bcie\u017cki d\u017awi\u0119kowej i &#8222;mi\u0119kk\u0105&#8221; modyfikacj\u0105 logo grupy. <\/p>\n<p>Nowa wizualizacja marki i przebudowa graficzna zostanie wdro\u017cona w przekazie telewizyjnym, w produktach internetowych i mobilnych we wszystkich biurach Eurosportu na ca\u0142ym \u015bwiecie, jak r&oacute;wnie\u017c w reklamach, projektach marketingowych i w komunikacji korporacyjnej grupy.<\/p>\n<p>Eurosport postanowi\u0142 zachowa\u0107 stylizacj\u0119 graficzn\u0105 logotypu, nadaj\u0105c mu jedynie \u015bwie\u017cszy i bli\u017cszy wsp&oacute;\u0142czesno\u015bci design. Najwi\u0119ksza zmiana dotyczy\u0142a element&oacute;w towarzysz\u0105cych logotypowi, kt&oacute;re maj\u0105 nada\u0107 marce nowy kontekst.<\/p>\n<p>Nowe elementy w przekazie, opracowane i wyre\u017cyserowane przez maj\u0105c\u0105 siedzib\u0119 w Pary\u017cu agencj\u0119 Les T&eacute;l&eacute;cr&eacute;ateurs, maj\u0105 przenie\u015b\u0107 kibic&oacute;w w samo serce sportowej akcji. Seria sze\u015bciu nowych spot&oacute;w autopromocyjnych kana\u0142u powsta\u0142a przy za\u0142o\u017ceniu, \u017ce ka\u017cdy z nich ma uwypukli\u0107 jedn\u0105 kluczow\u0105 emocj\u0119: rado\u015b\u0107, z\u0142o\u015b\u0107, empati\u0119, zaanga\u017cowanie, zaskoczenie i niepok&oacute;j, zilustrowane przez 18 r&oacute;\u017cnych dyscyplin sportowych.<\/p>\n<p>Zmiana dotyczy wszystkich graficznych element&oacute;w przekazu telewizyjnego, zar&oacute;wno informacyjnych (plansze prezentuj\u0105ce rankingi, wyniki, zapowiedzi programowe) jak i komercyjnych (pop-upy, banery tekstowe, elementy otwieraj\u0105ce i zamykaj\u0105ce relacje, spoty reklamowe).<\/p>\n<p>Przebudowa wizerunku wprowadza r&oacute;wnie\u017c now\u0105 identyfikacj\u0119 audio dostosowan\u0105 do zmieniaj\u0105cych si\u0119 nastroj&oacute;w widza podczas ogl\u0105dania relacji sportowej. Nowe elementy audio zosta\u0142y opracowane przez agencj\u0119 Massive Music z siedzib\u0105 w Amsterdamie. Elementy te b\u0119d\u0105 wykorzystywane w ka\u017cdej wizyt&oacute;wce kana\u0142u i w zapowiedziach programowych.<\/p>\n<p>Og&oacute;lnoeuropejska kampania oparta o kana\u0142y komunikacji takie jak: telewizja, prasa drukowana, reklama w internecie i w aplikacjach mobilnych, PR, dedykowana podstrona internetowa, konkursy dla konsument&oacute;w, udost\u0119pnianie plik&oacute;w d\u017awi\u0119kowych, moderowanie portali spo\u0142eczno\u015bciowych &amp; viral marketing oraz zaanga\u017cowanie blogger&oacute;w, wystartuje 5 kwietnia 2011, w tym samym czasie, w kt&oacute;rym pojawi si\u0119 nowa szata graficzna.<\/p>\n","protected":false},"excerpt":{"rendered":"Eurosport zmienia identyfikacj\u0119 wizualn\u0105 marki &#8211; od\u015bwie\u017ca logotyp i wprowadza now\u0105 opraw\u0119 graficzn\u0105 w ramach ca\u0142ej platformy.","protected":false},"author":1,"featured_media":17708,"comment_status":"open","ping_status":"closed","sticky":false,"template":"","format":"standard","meta":{"csco_display_header_overlay":false,"csco_singular_sidebar":"","csco_page_header_type":"","csco_page_load_nextpost":"","csco_post_video_location":[],"csco_post_video_location_hash":"","csco_post_video_url":"","csco_post_video_bg_start_time":0,"csco_post_video_bg_end_time":0,"footnotes":""},"categories":[9670],"tags":[672],"class_list":{"0":"post-17707","1":"post","2":"type-post","3":"status-publish","4":"format-standard","5":"has-post-thumbnail","7":"category-tv","8":"tag-eurosport","9":"cs-entry","10":"cs-video-wrap"},"_links":{"self":[{"href":"https:\/\/mediarun.com\/pl\/wp-json\/wp\/v2\/posts\/17707","targetHints":{"allow":["GET"]}}],"collection":[{"href":"https:\/\/mediarun.com\/pl\/wp-json\/wp\/v2\/posts"}],"about":[{"href":"https:\/\/mediarun.com\/pl\/wp-json\/wp\/v2\/types\/post"}],"author":[{"embeddable":true,"href":"https:\/\/mediarun.com\/pl\/wp-json\/wp\/v2\/users\/1"}],"replies":[{"embeddable":true,"href":"https:\/\/mediarun.com\/pl\/wp-json\/wp\/v2\/comments?post=17707"}],"version-history":[{"count":0,"href":"https:\/\/mediarun.com\/pl\/wp-json\/wp\/v2\/posts\/17707\/revisions"}],"wp:featuredmedia":[{"embeddable":true,"href":"https:\/\/mediarun.com\/pl\/wp-json\/wp\/v2\/media\/17708"}],"wp:attachment":[{"href":"https:\/\/mediarun.com\/pl\/wp-json\/wp\/v2\/media?parent=17707"}],"wp:term":[{"taxonomy":"category","embeddable":true,"href":"https:\/\/mediarun.com\/pl\/wp-json\/wp\/v2\/categories?post=17707"},{"taxonomy":"post_tag","embeddable":true,"href":"https:\/\/mediarun.com\/pl\/wp-json\/wp\/v2\/tags?post=17707"}],"curies":[{"name":"wp","href":"https:\/\/api.w.org\/{rel}","templated":true}]}}