{"id":17701,"date":"2011-03-31T14:08:33","date_gmt":"2011-03-31T12:08:33","guid":{"rendered":"https:\/\/mediarun.com\/index.php\/news-posts\/a-normalnie-o-tej-porze-wypadlo-z-ramowki\/"},"modified":"2011-03-31T14:08:33","modified_gmt":"2011-03-31T12:08:33","slug":"a-normalnie-o-tej-porze-wypadlo-z-ramowki","status":"publish","type":"post","link":"https:\/\/mediarun.com\/pl\/media\/tv\/a-normalnie-o-tej-porze-wypadlo-z-ramowki.html","title":{"rendered":"&#8222;A normalnie o tej porze&#8221; wypad\u0142o z ram\u00f3wki"},"content":{"rendered":"<p>W kwietniu zamiast programu Dw&oacute;jka b\u0119dzie emitowa\u0142a powt&oacute;rki serialu &#8222;Czas honoru&#8221;. Powodem zawieszenia emisji formatu jest bardzo niska ogl\u0105dalno\u015b\u0107.<\/p>\n<p>Program &#8222;A normalnie o tej porze&#8221; nadawany by\u0142 przez miesi\u0105c od poniedzia\u0142ku do pi\u0105tku od godz. 16.35 do 17.20 w TVP2. Premiera mia\u0142a miejsce 28 lutego, ostatni odcinek zosta\u0142 wyemitowany wczoraj, 30 marca. \u015arednia ogl\u0105dalno\u015b\u0107 formatu w ci\u0105gu minuty wynios\u0142a 369 260 widz&oacute;w, przy udziale w rynku na poziomie 3,78 proc. (grupa 4+).<\/p>\n<p>Wynik ten ulokowa\u0142 stacj\u0119 na czwartej pozycji pod wzgl\u0119dem ogl\u0105dalno\u015bci w popo\u0142udniowym pa\u015bmie. Na pierwszym miejscu w tym czasie antenowym znalaz\u0142a si\u0119 Jedynka (m.in. &#8222;Celownik&#8221; i &#8222;Teleexpress&#8221;), kt&oacute;ra zainteresowa\u0142a \u015brednio 2,86 mln os&oacute;b, 29,30 proc. widowni. Drugie miejsce nale\u017ca\u0142o do Polsatu z 20,17 proc. udzia\u0142u w rynku, 1,97 mln widz&oacute;w (m.in. seriale &#8222;Malinowski &amp; Partnerzy&#8221; i &#8222;Dlaczego ja?&#8221;). TVN znalaz\u0142 si\u0119 na trzeciej pozycji, uzyska\u0142 16,35 proc. udzia\u0142u w rynku, 1,60 mln widz&oacute;w (m.in. &#8222;Rozmowy w toku&#8221; i &#8222;S\u0119dzia Anna Maria Weso\u0142owska&#8221;).<\/p>\n<p>Format &#8222;A normalnie o tej porze&#8221; mia\u0142 struktur\u0119 magazynu (kilka temat&oacute;w w jednym programie, podobnie jak np. w &#8222;Pytaniu na \u015bniadanie&#8221;). Kolejne tematy poprzedzane by\u0142y felietonami. Na zako\u0144czenie programu widzowie mogli obejrze\u0107 wyst\u0119p muzyczny na \u017cywo.<\/p>\n<p>Program prowadzili Agnieszka Szulim, Wojciech Jagielski i Pawe\u0142 Korsun. Prowadz\u0105cy w drugim planie to: Olimpia Ajakaiye i Jason Polak.<\/p>\n<p>Podobny format by\u0142 emitowany w TVN. Nadawany od 4 pa\u017adziernika 2010 r. do 4 marca br. codzienny program &#8222;Mi\u0119dzy kuchni\u0105 a salonem&#8221; (emisja o godz. 14.55) gromadzi\u0142 przed odbiornikami wi\u0119ksz\u0105 widowni\u0119 ni\u017c &#8222;A normalnie o tej porze&#8221; &#8211; \u015brednio 658 tys. widz&oacute;w, 9,76 proc. udzia\u0142u w runku. Jednak TVN zrezygnowa\u0142 z emisji tego formatu (<a href=\"http:\/\/wiadomosci.mediarun.pl\/artykul\/media-telewizja,miedzy-kuchnia-a-salonem-wypadlo-z-ramowki,9571,4,5,1.html\" target=\"_blank\" rel=\"noopener\">wi\u0119cej na ten temat<\/a>).<\/p>\n","protected":false},"excerpt":{"rendered":"Dw&oacute;jka podj\u0119\u0142a decyzj\u0119 o zdj\u0119ciu z anteny codziennego talk show &#8222;A normalnie o tej porze&#8221;.","protected":false},"author":1,"featured_media":17702,"comment_status":"open","ping_status":"closed","sticky":false,"template":"","format":"standard","meta":{"csco_display_header_overlay":false,"csco_singular_sidebar":"","csco_page_header_type":"","csco_page_load_nextpost":"","csco_post_video_location":[],"csco_post_video_location_hash":"","csco_post_video_url":"","csco_post_video_bg_start_time":0,"csco_post_video_bg_end_time":0,"footnotes":""},"categories":[9670],"tags":[1083,1113,610],"class_list":{"0":"post-17701","1":"post","2":"type-post","3":"status-publish","4":"format-standard","5":"has-post-thumbnail","7":"category-tv","8":"tag-nielsen-audience-measurement","9":"tag-ogladalnosc","10":"tag-tvp2","11":"cs-entry","12":"cs-video-wrap"},"_links":{"self":[{"href":"https:\/\/mediarun.com\/pl\/wp-json\/wp\/v2\/posts\/17701","targetHints":{"allow":["GET"]}}],"collection":[{"href":"https:\/\/mediarun.com\/pl\/wp-json\/wp\/v2\/posts"}],"about":[{"href":"https:\/\/mediarun.com\/pl\/wp-json\/wp\/v2\/types\/post"}],"author":[{"embeddable":true,"href":"https:\/\/mediarun.com\/pl\/wp-json\/wp\/v2\/users\/1"}],"replies":[{"embeddable":true,"href":"https:\/\/mediarun.com\/pl\/wp-json\/wp\/v2\/comments?post=17701"}],"version-history":[{"count":0,"href":"https:\/\/mediarun.com\/pl\/wp-json\/wp\/v2\/posts\/17701\/revisions"}],"wp:featuredmedia":[{"embeddable":true,"href":"https:\/\/mediarun.com\/pl\/wp-json\/wp\/v2\/media\/17702"}],"wp:attachment":[{"href":"https:\/\/mediarun.com\/pl\/wp-json\/wp\/v2\/media?parent=17701"}],"wp:term":[{"taxonomy":"category","embeddable":true,"href":"https:\/\/mediarun.com\/pl\/wp-json\/wp\/v2\/categories?post=17701"},{"taxonomy":"post_tag","embeddable":true,"href":"https:\/\/mediarun.com\/pl\/wp-json\/wp\/v2\/tags?post=17701"}],"curies":[{"name":"wp","href":"https:\/\/api.w.org\/{rel}","templated":true}]}}