{"id":17691,"date":"2011-03-31T15:16:31","date_gmt":"2011-03-31T13:16:31","guid":{"rendered":"https:\/\/mediarun.com\/index.php\/news-posts\/kabaret-otto-w-radiu-vox-fm\/"},"modified":"2011-03-31T15:16:31","modified_gmt":"2011-03-31T13:16:31","slug":"kabaret-otto-w-radiu-vox-fm","status":"publish","type":"post","link":"https:\/\/mediarun.com\/pl\/media\/radio\/kabaret-otto-w-radiu-vox-fm.html","title":{"rendered":"Kabaret OTTO w Radiu Vox FM"},"content":{"rendered":"<p>Cykl &#8222;OTTO chodzi&#8221; pojawi si\u0119 w porannym pa\u015bmie Vox FM &#8222;Kto Rano Wstaje&#8221;, prowadzonym przez Katarzyn\u0119 Kozimor i Tomasza Waloszczyka, w ka\u017cdy pi\u0105tek o godz. 8.10. Cz\u0142onkowie kabaretu OTTO (Andrzej Piekarczyk, Andrzej Tomanek i Wies\u0142aw Tupaczewski) b\u0119d\u0105 komentowa\u0107 najwa\u017cniejsze wydarzenia z kraju i ze \u015bwiata &#8211; od gospodarki przez kultur\u0119 do sportu, polityki i celebryt&oacute;w. Po emisji w radiu, komentarzy kabaretu OTTO b\u0119dzie mo\u017cna r&oacute;wnie\u017c pos\u0142ucha\u0107 w serwisie <a rel=\"nofollow noopener\" href=\"http:\/\/www.voxfm.pl\/index.php?page=voxfm\" target=\"_blank\">Voxfm.pl<\/a>.<\/p>\n<p>Wsp&oacute;\u0142praca Radia Vox i kabaretu OTTO zosta\u0142a na pocz\u0105tek zaplanowana do ko\u0144ca 2011 roku. Pomys\u0142odawc\u0105 cyklu jest dzia\u0142 programowy Radia Vox FM.<\/p>\n","protected":false},"excerpt":{"rendered":"1 kwietnia na antenie Radia Vox FM kabaret OTTO po raz pierwszy zaprezentuje autorski, s\u0142owno-muzyczny komentarz do otaczaj\u0105cej nas rzeczywisto\u015bci.","protected":false},"author":1,"featured_media":17692,"comment_status":"open","ping_status":"closed","sticky":false,"template":"","format":"standard","meta":{"csco_display_header_overlay":false,"csco_singular_sidebar":"","csco_page_header_type":"","csco_page_load_nextpost":"","csco_post_video_location":[],"csco_post_video_location_hash":"","csco_post_video_url":"","csco_post_video_bg_start_time":0,"csco_post_video_bg_end_time":0,"footnotes":""},"categories":[9672],"tags":[431],"class_list":{"0":"post-17691","1":"post","2":"type-post","3":"status-publish","4":"format-standard","5":"has-post-thumbnail","7":"category-radio","8":"tag-vox-fm","9":"cs-entry","10":"cs-video-wrap"},"_links":{"self":[{"href":"https:\/\/mediarun.com\/pl\/wp-json\/wp\/v2\/posts\/17691","targetHints":{"allow":["GET"]}}],"collection":[{"href":"https:\/\/mediarun.com\/pl\/wp-json\/wp\/v2\/posts"}],"about":[{"href":"https:\/\/mediarun.com\/pl\/wp-json\/wp\/v2\/types\/post"}],"author":[{"embeddable":true,"href":"https:\/\/mediarun.com\/pl\/wp-json\/wp\/v2\/users\/1"}],"replies":[{"embeddable":true,"href":"https:\/\/mediarun.com\/pl\/wp-json\/wp\/v2\/comments?post=17691"}],"version-history":[{"count":0,"href":"https:\/\/mediarun.com\/pl\/wp-json\/wp\/v2\/posts\/17691\/revisions"}],"wp:featuredmedia":[{"embeddable":true,"href":"https:\/\/mediarun.com\/pl\/wp-json\/wp\/v2\/media\/17692"}],"wp:attachment":[{"href":"https:\/\/mediarun.com\/pl\/wp-json\/wp\/v2\/media?parent=17691"}],"wp:term":[{"taxonomy":"category","embeddable":true,"href":"https:\/\/mediarun.com\/pl\/wp-json\/wp\/v2\/categories?post=17691"},{"taxonomy":"post_tag","embeddable":true,"href":"https:\/\/mediarun.com\/pl\/wp-json\/wp\/v2\/tags?post=17691"}],"curies":[{"name":"wp","href":"https:\/\/api.w.org\/{rel}","templated":true}]}}