{"id":176495,"date":"2016-12-21T12:45:03","date_gmt":"2016-12-21T11:45:03","guid":{"rendered":"https:\/\/mediarun.com\/pl\/?p=176495"},"modified":"2017-03-22T21:36:36","modified_gmt":"2017-03-22T20:36:36","slug":"polska-jednym-najwiekszych-eksporterow-mebli","status":"publish","type":"post","link":"https:\/\/mediarun.com\/pl\/marketing\/polska-jednym-najwiekszych-eksporterow-mebli.html","title":{"rendered":"Polska jednym z najwi\u0119kszych eksporter\u00f3w mebli!"},"content":{"rendered":"<h3><b><\/b><b>Przemys\u0142 meblarski jest jedn\u0105 z najszybciej rozwijaj\u0105cych si\u0119 ga\u0142\u0119zi polskiej gospodarki. Prognozuje si\u0119, \u017ce warto\u015b\u0107 eksportu mebli w 2016 roku mo\u017ce przekroczy\u0107 41,64 mld z\u0142<\/b><b><\/b><b>. Polska zajmuje trzecie miejsce w Europie, a czwarte na \u015bwiecie pod wzgl\u0119dem eksportu mebli. Czy Polsce w 2017 roku uda si\u0119 wskoczy\u0107 na wy\u017csze miejsce podium? Komentuj\u0105 eksperci z bran\u017cy meblarskiej.\u00a0<\/b><\/h3>\n<blockquote><p><i>&#8211; Polska od prawie 20 lat znajduje si\u0119 w\u00a0\u015bcis\u0142ej czo\u0142\u00f3wce \u015bwiatowych lider\u00f3w eksportuj\u0105cych meble. W\u00a0uj\u0119ciu globalnym, lepsze wyniki finansowe osi\u0105gaj\u0105 jedynie Chi\u0144czycy, W\u0142osi i\u00a0Niemcy. Europejscy konkurenci wyprzedzaj\u0105 Polsk\u0119 ze wzgl\u0119du na znacznie wy\u017csze ceny sprzeda\u017cy jakie proponuj\u0105. Bior\u0105c pod uwag\u0119 ilo\u015b\u0107 wyeksportowanych mebli w\u00a0przeliczeniu np. na tony Polska by\u0142aby drugim najwi\u0119kszym eksporterem mebli na \u015bwiecie zaraz po Chinach<\/i> &#8211; podkre\u015bla Andrzej Moska\u0142a \u2013 w\u0142a\u015bciciel firmy Toptextil \u2013 wiod\u0105cego dystrybutora obiciowych tkanin meblarskich, importera, ale te\u017c eksportera.<\/p><\/blockquote>\n<p>Wed\u0142ug bada\u0144 przeprowadzonych przez Og\u00f3lnopolsk\u0105 Izb\u0119 Gospodarcz\u0105 Producent\u00f3w Mebli od 2010 roku eksport wzr\u00f3s\u0142 o ponad 40%. Najwi\u0119kszymi rynkami zbytu dla polskiej produkcji wyposa\u017cenia domu oraz komponent\u00f3w meblowych s\u0105 Niemcy &#8211; obecnie co czwarty mebel w niemieckim gospodarstwie pochodzi z naszego kraju &#8211; oraz Wielka Brytania &#8211; w 2015 warto\u015b\u0107 eksportu na Wyspy wynios\u0142a ponad 700 milion\u00f3w euro. Wzrost znaczenia i rozpoznawalno\u015bci polskich marek meblowych ma ogromny wp\u0142yw na rozw\u00f3j firm zajmuj\u0105cych si\u0119 produkcj\u0105 komponent\u00f3w meblowych &#8211; mi\u0119dzy innymi tkanin obiciowych.<\/p>\n<blockquote><p><i>Naszym g\u0142\u00f3wnym rynkiem zbytu jest co prawda rynek polski, jednak eksport zagraniczny stanowi ju\u017c ok. 8-9% &#8211; komentuje Andrzej Moska\u0142a, w\u0142a\u015bciciel firmy Toptextil \u2013 Regularnie eksportujemy tkaniny na Litw\u0119, \u0141otw\u0119, do Czech, S\u0142owacji, Niemiec czy\u00a0Rumunii, pozyskujemy tak\u017ce odbiorc\u00f3w w Azji i Ameryce P\u00f3\u0142nocnej \u2013 do czego znakomit\u0105 okazj\u0105 s\u0105 bran\u017cowe mi\u0119dzynarodowe targi bran\u017cy meblarskiej np. Heimtextil czy HomeDecor<\/i> \u2013 komentuje Andrzej Moska\u0142a.<\/p><\/blockquote>\n<p>Polska jest jednym ze \u015bwiatowych lider\u00f3w szeroko rozumianej bran\u017cy meblarskiej, w tym tapicerskiej, ale wci\u0105\u017c musi walczy\u0107 o swoj\u0105 pozycj\u0119 z zar\u00f3wno z zachodnimi konkurentami stawiaj\u0105cymi na design, jak i wschodnimi \u2013 ci z kolei skupiaj\u0105 si\u0119 na jak najni\u017cszych cenach, cho\u0107 kosztem jako\u015bci.<\/p>\n<blockquote><p><em>&#8211; S\u0142abymi stronami polskiej bran\u017cy meblowej s\u0105 niski poziom dzia\u0142a\u0144 marketingowych i wdra\u017cania innowacji oraz nowych technologii, wsp\u00f3\u0142praca przedsi\u0119biorstw z instytucjami otoczenia biznesowego, brak systemu przep\u0142ywu informacji oraz niskie nak\u0142ady finansowe przeznaczane na innowacje \u2013 komentuje Aneta Cie\u015bla, kierownik dzia\u0142u\u00a0 sprzeda\u017cy firmy Kameleon. Pomimo rosn\u0105cych wska\u017anik\u00f3w, polscy eksporterzy komponent\u00f3w meblowych ca\u0142y czas napotykaj\u0105 na wiele trudno\u015bci. &#8211; Jeste\u015bmy zalewani masow\u0105 produkcj\u0105 ze Wschodu. Polscy producenci musz\u0105 stawia\u0107 na oryginalno\u015b\u0107, ciekawe i praktyczne rozwi\u0105zania, a przede wszystkim na najwy\u017csz\u0105 jako\u015b\u0107. Niestety nadal cz\u0119stym b\u0142\u0119dem jest oszcz\u0119dzanie na elementach, kt\u00f3re potrafi\u0105 nada\u0107 meblowi unikalnego charakteru, jak np. tkaniny obiciowe. \u2013 ocenia dr Marek Borowi\u0144ski, znany jako Shop Doctor, kt\u00f3ry od lat doradza polskim firmom meblarskim.<\/em><\/p>\n<p><em>&#8211; Naszym priorytetem jest jako\u015b\u0107 naszych kolekcji, ale \u2013 chc\u0105c utrzyma\u0107 swoj\u0105 pozycj\u0119 w bran\u017cy \u2013 oferujemy szeroki wachlarz materia\u0142\u00f3w. W naszej ofercie znale\u017a\u0107 mo\u017cna dobre jako\u015bciowo tkaniny w przyst\u0119pnej cenie, jak i materia\u0142y ekskluzywne, z naturalnych sk\u0142adnik\u00f3w, idealne dla os\u00f3b ceni\u0105cych przede wszystkim jako\u015b\u0107, niezwyk\u0142\u0105 estetyk\u0119 i niepowtarzalno\u015b\u0107. Staramy si\u0119 nie tylko \u015bledzi\u0107 trendy, ale tak\u017ce je kreowa\u0107. Niestety, konkurencja nie \u015bpi i cz\u0119sto nasze premiery, poprzedzone wielomiesi\u0119cznymi procesami projektowymi, kopiowane s\u0105 przez innych. Nieuczciwi konkurenci wiedz\u0105, \u017ce \u0142atwiej jest wypu\u015bci\u0107 na rynek sprawdzon\u0105, cenion\u0105 przez klient\u00f3w kolekcj\u0119 ni\u017c budowa\u0107 j\u0105 od podstaw \u2013 dodaje Andrzej Moska\u0142a z firmy Toptextil.<\/em><\/p><\/blockquote>\n<p>Wed\u0142ug Prezesa Og\u00f3lnopolskiej Izby Gospodarczej Producent\u00f3w Mebli, zainteresowanie polskimi meblami stale ro\u015bnie w Brazylii,\u00a0Emiratach Arabskich, Stanach Zjednoczonych, Rumunii czy na S\u0142owacji. Przed Polsk\u0105 otwiera si\u0119 tak\u017ce rynek chi\u0144ski czy ira\u0144ski. Chocia\u017c krajowy eksport b\u0119dzie rozwija\u0142 si\u0119 na nowych rynkach, to w najbli\u017cszych latach Unia Europejska nadal b\u0119dzie mia\u0142a najwi\u0119ksze znaczenie dla dynamiki eksportu bran\u017cy meblarskiej. Pomimo trudno\u015bci, polskie firmy rynku meblarskiego z roku na rok radz\u0105 sobie coraz lepiej. &#8211; <i>My\u015bl\u0119, \u017ce rok 2016 nazwa\u0107 mo\u017cna rokiem prze\u0142omowym. W roku 2017 spodziewamy si\u0119 nawet 20% wzrostu sprzeda\u017cy \u2013 podsumowuje Andrzej Moska\u0142a.\u00a0<\/i><\/p>\n","protected":false},"excerpt":{"rendered":"Przemys\u0142 meblarski jest jedn\u0105 z najszybciej rozwijaj\u0105cych si\u0119 ga\u0142\u0119zi polskiej gospodarki. Prognozuje si\u0119, \u017ce warto\u015b\u0107 eksportu mebli w&hellip;","protected":false},"author":2,"featured_media":176496,"comment_status":"open","ping_status":"closed","sticky":false,"template":"","format":"standard","meta":{"csco_display_header_overlay":false,"csco_singular_sidebar":"","csco_page_header_type":"","csco_page_load_nextpost":"","csco_post_video_location":[],"csco_post_video_location_hash":"","csco_post_video_url":"","csco_post_video_bg_start_time":0,"csco_post_video_bg_end_time":0,"footnotes":""},"categories":[9639],"tags":[5615,3726,4159,5373],"class_list":{"0":"post-176495","1":"post","2":"type-post","3":"status-publish","4":"format-standard","5":"has-post-thumbnail","7":"category-marketing","8":"tag-architektura","9":"tag-biznes-2","10":"tag-lifestyle","11":"tag-meble","12":"cs-entry","13":"cs-video-wrap"},"_links":{"self":[{"href":"https:\/\/mediarun.com\/pl\/wp-json\/wp\/v2\/posts\/176495","targetHints":{"allow":["GET"]}}],"collection":[{"href":"https:\/\/mediarun.com\/pl\/wp-json\/wp\/v2\/posts"}],"about":[{"href":"https:\/\/mediarun.com\/pl\/wp-json\/wp\/v2\/types\/post"}],"author":[{"embeddable":true,"href":"https:\/\/mediarun.com\/pl\/wp-json\/wp\/v2\/users\/2"}],"replies":[{"embeddable":true,"href":"https:\/\/mediarun.com\/pl\/wp-json\/wp\/v2\/comments?post=176495"}],"version-history":[{"count":0,"href":"https:\/\/mediarun.com\/pl\/wp-json\/wp\/v2\/posts\/176495\/revisions"}],"wp:featuredmedia":[{"embeddable":true,"href":"https:\/\/mediarun.com\/pl\/wp-json\/wp\/v2\/media\/176496"}],"wp:attachment":[{"href":"https:\/\/mediarun.com\/pl\/wp-json\/wp\/v2\/media?parent=176495"}],"wp:term":[{"taxonomy":"category","embeddable":true,"href":"https:\/\/mediarun.com\/pl\/wp-json\/wp\/v2\/categories?post=176495"},{"taxonomy":"post_tag","embeddable":true,"href":"https:\/\/mediarun.com\/pl\/wp-json\/wp\/v2\/tags?post=176495"}],"curies":[{"name":"wp","href":"https:\/\/api.w.org\/{rel}","templated":true}]}}