{"id":176479,"date":"2016-12-20T15:07:54","date_gmt":"2016-12-20T14:07:54","guid":{"rendered":"https:\/\/mediarun.com\/pl\/?p=176479"},"modified":"2017-03-22T21:36:37","modified_gmt":"2017-03-22T20:36:37","slug":"rajd-dakar-wraca-telewizji-polskiej","status":"publish","type":"post","link":"https:\/\/mediarun.com\/pl\/marketing\/rajd-dakar-wraca-telewizji-polskiej.html","title":{"rendered":"Rajd Dakar wraca do Telewizji Polskiej!"},"content":{"rendered":"<h3><b>Od 2 stycznia Rajd Dakar powr\u00f3ci na anteny Telewizji Polskiej. Relacje z 39. edycji najs\u0142ynniejszego rajdu terenowego widzowie obejrz\u0105 w TVP1, TVP2, TVP Sport oraz na stronie sport.tvp.pl.<\/b><\/h3>\n<p>Start 39. edycji odb\u0119dzie si\u0119 2 stycznia 2017 w paragwajskim mie\u015bcie Asuncion, a nast\u0119pnie uczestnicy pokonaj\u0105 12 etap\u00f3w po bezdro\u017cach Argentyny i Boliwii. Met\u0119 zaplanowano 14 stycznia w Buenos Aires. W Ameryce Po\u0142udniowej zobaczymy oczywi\u015bcie Polak\u00f3w, m.in.: Jakuba Przygo\u0144skiego (samochody), Jakuba Pi\u0105tka (motocykle) oraz Rafa\u0142 Sonika (quady).<\/p>\n<p>Telewizja Polska wysy\u0142a do Ameryki Po\u0142udniowej dwie ekipy reporterskie. Rajd Dakar b\u0119d\u0105 relacjonowa\u0107 do\u015bwiadczeni ju\u017c w tej imprezie dziennikarze: Rafa\u0142 Patyra i Robert El Gendy. Relacje z Rajdu Dakar b\u0119dzie mo\u017cna obejrze\u0107 w Jedynce (\u201eTeleexpress\u201d, \u201eSport\u201d po \u201eWiadomo\u015bciach\u201d oraz specjalna kronika tu\u017c po nich), Dw\u00f3jce (\u201ePytanie na \u015aniadanie\u201d, \u201eSport Telegram\u201d oraz specjalna kronika tu\u017c po nim), a tak\u017ce w TVP Sport (\u201eEcha Stadion\u00f3w\u201d, \u201eSportowy Wiecz\u00f3r\u201d, \u201eSportowa Sobota\u201d i \u201eSportowa Niedziela\u201d). Na stronie sport.tvp.pl znajdzie si\u0119 specjalna zak\u0142adka po\u015bwi\u0119cona temu wydarzeniu.<\/p>\n<p>Rajd Dakar to legendarna ju\u017c impreza. W Polsce zyska\u0142a na znaczeniu pod koniec XX wieku, gdy na starcie stan\u0119li nasi motocykli\u015bci: Jacek Czachor i Marek D\u0105browski. Z ka\u017cdym rokiem \u201ebia\u0142o-czerwoni\u201d zacz\u0119li odgrywa\u0107 w nim coraz wa\u017cniejsze role, by w ko\u0144cu trafi\u0107 do \u015bcis\u0142ej czo\u0142\u00f3wki: Rafa\u0142 Sonik wygra\u0142 klasyfikacje quad\u00f3w (2015), Krzysztof Ho\u0142owczyc by\u0142 trzeci (2015) w rywalizacji kierowc\u00f3w, a Jakub Przygo\u0144ski \u2013 sz\u00f3sty w\u015br\u00f3d motocyklist\u00f3w (2014). Swoich si\u0142 w Rajdzie Dakar pr\u00f3bowa\u0142 tak\u017ce Adam Ma\u0142ysz uzyskuj\u0105c trzynasty wynik\u00a0 w 2014 roku.<\/p>\n","protected":false},"excerpt":{"rendered":"Od 2 stycznia Rajd Dakar powr\u00f3ci na anteny Telewizji Polskiej. Relacje z 39. edycji najs\u0142ynniejszego rajdu terenowego widzowie&hellip;","protected":false},"author":2,"featured_media":176480,"comment_status":"open","ping_status":"closed","sticky":false,"template":"","format":"standard","meta":{"csco_display_header_overlay":false,"csco_singular_sidebar":"","csco_page_header_type":"","csco_page_load_nextpost":"","csco_post_video_location":[],"csco_post_video_location_hash":"","csco_post_video_url":"","csco_post_video_bg_start_time":0,"csco_post_video_bg_end_time":0,"footnotes":""},"categories":[9639],"tags":[11234,4159],"class_list":{"0":"post-176479","1":"post","2":"type-post","3":"status-publish","4":"format-standard","5":"has-post-thumbnail","7":"category-marketing","8":"tag-dakar","9":"tag-lifestyle","10":"cs-entry","11":"cs-video-wrap"},"_links":{"self":[{"href":"https:\/\/mediarun.com\/pl\/wp-json\/wp\/v2\/posts\/176479","targetHints":{"allow":["GET"]}}],"collection":[{"href":"https:\/\/mediarun.com\/pl\/wp-json\/wp\/v2\/posts"}],"about":[{"href":"https:\/\/mediarun.com\/pl\/wp-json\/wp\/v2\/types\/post"}],"author":[{"embeddable":true,"href":"https:\/\/mediarun.com\/pl\/wp-json\/wp\/v2\/users\/2"}],"replies":[{"embeddable":true,"href":"https:\/\/mediarun.com\/pl\/wp-json\/wp\/v2\/comments?post=176479"}],"version-history":[{"count":0,"href":"https:\/\/mediarun.com\/pl\/wp-json\/wp\/v2\/posts\/176479\/revisions"}],"wp:featuredmedia":[{"embeddable":true,"href":"https:\/\/mediarun.com\/pl\/wp-json\/wp\/v2\/media\/176480"}],"wp:attachment":[{"href":"https:\/\/mediarun.com\/pl\/wp-json\/wp\/v2\/media?parent=176479"}],"wp:term":[{"taxonomy":"category","embeddable":true,"href":"https:\/\/mediarun.com\/pl\/wp-json\/wp\/v2\/categories?post=176479"},{"taxonomy":"post_tag","embeddable":true,"href":"https:\/\/mediarun.com\/pl\/wp-json\/wp\/v2\/tags?post=176479"}],"curies":[{"name":"wp","href":"https:\/\/api.w.org\/{rel}","templated":true}]}}