{"id":176147,"date":"2016-12-13T09:47:28","date_gmt":"2016-12-13T08:47:28","guid":{"rendered":"https:\/\/mediarun.com\/pl\/?p=176147"},"modified":"2017-03-22T21:37:58","modified_gmt":"2017-03-22T20:37:58","slug":"sluzbowy-telefon-fejsik-twoj-szef","status":"publish","type":"post","link":"https:\/\/mediarun.com\/pl\/digital\/social-media\/sluzbowy-telefon-fejsik-twoj-szef.html","title":{"rendered":"S\u0142u\u017cbowy telefon i Fejsik. Co na to Tw\u00f3j szef?"},"content":{"rendered":"<h3>Ponad po\u0142owa pracodawc\u00f3w w Polsce jest przekonanych, \u017ce pracownicy nie mog\u0105 korzysta\u0107 z telefonu s\u0142u\u017cbowego do innych cel\u00f3w, ni\u017c te zwi\u0105zane z prac\u0105. Mimo to 55% pracownik\u00f3w wykorzystuje firmow\u0105 kom\u00f3rk\u0119 w taki sam spos\u00f3b jak telefon prywatny. Swobodnie z telefonu s\u0142u\u017cbowego korzysta prawie co trzeci mened\u017cer wysokiego szczebla, a 55% u\u017cywa tego urz\u0105dzenia do cel\u00f3w prywatnych, ale z pewnymi ograniczeniami.<\/h3>\n<p>Takie s\u0105 ustalenia badania Samsung Mobile Workplace zrealizowanego przez firm\u0119 badawcz\u0105 TNS na zlecenie firmy Samsung Electronics Polska. Raport pokazuje, jak telefon\u00f3w s\u0142u\u017cbowych u\u017cywaj\u0105 w Polsce pracownicy du\u017cych i \u015brednich przedsi\u0119biorstw, kadra zarz\u0105dzaj\u0105ca oraz freelancerzy.<\/p>\n<p>Z badania wynika, \u017ce 55% pracownik\u00f3w ni\u017cszego i \u015bredniego szczebla u\u017cywa telefonu s\u0142u\u017cbowego do cel\u00f3w prywatnych bez \u017cadnych ogranicze\u0144. Najcz\u0119\u015bciej instaluj\u0105 aplikacje, pobieraj\u0105 prywatne pliki, sprawdzaj\u0105 prywatne maile oraz korzystaj\u0105 z bankowo\u015bci elektronicznej i serwis\u00f3w spo\u0142eczno\u015bciowych. Jednocze\u015bnie 85% kadry zarz\u0105dzaj\u0105cej wskazuje, \u017ce w kontek\u015bcie bezpiecze\u0144stwa danych s\u0105 to czynno\u015bci, kt\u00f3rych nale\u017cy unika\u0107 korzystaj\u0105c z telefonu s\u0142u\u017cbowego. Uwag\u0119 zwraca r\u00f3wnie\u017c inny gro\u017any fakt, \u017ce tylko 34% kadry zarz\u0105dzaj\u0105cej i 36% pracownik\u00f3w obawia si\u0119 o bezpiecze\u0144stwo danych przechowywanych na urz\u0105dzeniach mobilnych.<\/p>\n<p>Niska \u015bwiadomo\u015b\u0107 zagro\u017ce\u0144 utraty danych oraz mo\u017cliwo\u015bci wyst\u0105pienia cyberatak\u00f3w pozwala 59% pracownik\u00f3w oceni\u0107 jako skuteczne obecne zabezpieczenia danych w posiadanym telefonie s\u0142u\u017cbowym. Niewiele w tej ocenie r\u00f3\u017cni si\u0119 kadra zarz\u0105dzaj\u0105ca, 52% uwa\u017ca aktualny spos\u00f3b zabezpieczenia telefonu s\u0142u\u017cbowego jako skuteczne rozwi\u0105zanie. Jako najbardziej skuteczne oceniono nast\u0119puj\u0105ce metody ochrony przed utrat\u0105 danych: zapisywanie kopii zapasowych wszystkich danych na serwerze, mo\u017cliwo\u015b\u0107 zlokalizowania telefonu za pomoc\u0105 GPS, zabezpieczenie has\u0142em oraz zdalne wykasowanie danych w telefonie. Na tym tle wyr\u00f3\u017cnia si\u0119 zabepieczenie has\u0142em, gdzie odpowiednio 73% kadry zarz\u0105dzaj\u0105cej, 62% pracownik\u00f3w, oceni\u0142o jako skuteczne dotychczasowe metody zabezpieczenia telefonu s\u0142u\u017cbowego.<\/p>\n<p>Mo\u017cna zatem zauwa\u017cy\u0107, \u017ce jest niski poziom \u015bwiadomo\u015bci zagro\u017ce\u0144 wycieku danych co w dalszej perspektywie rodzi pytania, jak zapobiega\u0107 takim zagro\u017ceniom i zmienia\u0107 \u00a0faktyczne postawy, zachowania pracownik\u00f3w i kadry zarz\u0105dzaj\u0105cej.<\/p>\n<p>Szczeg\u00f3lnie niepokoi, \u017ce telefon s\u0142u\u017cbowy do cel\u00f3w prywatnych wykorzystuj\u0105 mened\u017cerowie wy\u017cszego szczebla. Bez ogranicze\u0144 z tego urz\u0105dzenia korzysta niemal co trzeci mened\u017cer z kadry zarz\u0105dzaj\u0105cej, a ponad po\u0142owa twierdzi, \u017ce mo\u017ce u\u017cywa\u0107 firmowej kom\u00f3rki tak jak z telefonu prywatnego, ale z pewnymi ograniczeniami. Z regu\u0142y maj\u0105 oni dost\u0119p do bardziej wra\u017cliwych danych biznesowych, kt\u00f3rych utrata mo\u017ce narazi\u0107 firm\u0119 na wysokie straty. Tymczasem tylko niewielka grupa, 7% kadry zarz\u0105dzaj\u0105cej\u00a0 zadeklarowa\u0142o, \u017ce nie wykorzystuje telefonu s\u0142u\u017cbowego do cel\u00f3w prywatnych.<\/p>\n<blockquote><p><em>&#8211;\u00a0Jak pokazuj\u0105 nasze badania, ponad po\u0142owa pracownik\u00f3w wykorzystuje telefony s\u0142u\u017cbowe bez ogranicze\u0144. Sprawdzaj\u0105 w firmowej kom\u00f3rce sw\u00f3j profil w social media, odbieraj\u0105 prywatne maile, korzystaj\u0105 z bankowo\u015bci mobilnej. Niestety od tego nie uciekniemy. Po pierwsze trudno jest wyegzekwowa\u0107 zakaz prywatnego wykorzystywania telefon\u00f3w s\u0142u\u017cbowych, a po drugie walka z tym zjawiskiem mo\u017ce prze\u0142o\u017cy\u0107 si\u0119 na spadek satysfakcji pracownik\u00f3w i obni\u017cenie ich motywacji. Dlatego warto skupi\u0107 si\u0119 na wprowadzeniu skutecznych rozwi\u0105za\u0144, kt\u00f3re podnios\u0105 poziom bezpiecze\u0144stwa danych firmowych na urz\u0105dzeniach mobilnych. Jednym z nich jest \u00a0Samsung Knox, kt\u00f3ry pozwala wydzieli\u0107 na telefonie s\u0142u\u017cbowym w pe\u0142ni funkcjonalne \u015brodowisko biznesowe, w kt\u00f3rym wszystkie dane s\u0105 zabezpieczone \u2013\u00a0powiedzia\u0142 Olaf Krynicki, rzecznik prasowy Samsung Electronics Polska.<\/em><\/p><\/blockquote>\n<h4>O badaniu Samsung Mobile Workplace<\/h4>\n<p>Badanie\u00a0<em>\u201eSamsung Mobile Workplace &#8211; Telefon kom\u00f3rkowy w \u015brodowisku biznesowym<\/em>\u201d zosta\u0142o zrealizowane na zlecenie Samsung Electronics Polska przez firm\u0119 badawcz\u0105 TNS w dniach 14.07.2016 \u2013 27.07.2016. Jego zakres obejmowa\u0142 obszar roli telefonu s\u0142u\u017cbowego, wyposa\u017cenia i funkcji telefonu, bezpiecze\u0144stwa danych oraz oceny skuteczno\u015bci zabezpiecze\u0144.<\/p>\n<p>Badanie mia\u0142o charakter wywiadu internetowego (CAWI) oraz telefonicznego (CATI).<\/p>\n<p>Udzia\u0142 w nim wzi\u0119\u0142o 600 respondent\u00f3w w podziale na:<\/p>\n<ul>\n<li>400 pracownik\u00f3w \u015brednich i du\u017cych firm (50+p.)<\/li>\n<li>150 decydent\u00f3w w \u015brednich i du\u017cych firmach (50+p.)<\/li>\n<li>50 przedstawicieli wolnych zawod\u00f3w<\/li>\n<\/ul>\n","protected":false},"excerpt":{"rendered":"Ponad po\u0142owa pracodawc\u00f3w w Polsce jest przekonanych, \u017ce pracownicy nie mog\u0105 korzysta\u0107 z telefonu s\u0142u\u017cbowego do innych cel\u00f3w,&hellip;","protected":false},"author":2,"featured_media":176148,"comment_status":"open","ping_status":"closed","sticky":false,"template":"","format":"standard","meta":{"csco_display_header_overlay":false,"csco_singular_sidebar":"","csco_page_header_type":"","csco_page_load_nextpost":"","csco_post_video_location":[],"csco_post_video_location_hash":"","csco_post_video_url":"","csco_post_video_bg_start_time":0,"csco_post_video_bg_end_time":0,"footnotes":""},"categories":[4630,20],"tags":[3166,4009,195],"class_list":{"0":"post-176147","1":"post","2":"type-post","3":"status-publish","4":"format-standard","5":"has-post-thumbnail","7":"category-digital","8":"category-social-media","9":"tag-badania-2","10":"tag-praca-2","11":"tag-samsung","12":"cs-entry","13":"cs-video-wrap"},"_links":{"self":[{"href":"https:\/\/mediarun.com\/pl\/wp-json\/wp\/v2\/posts\/176147","targetHints":{"allow":["GET"]}}],"collection":[{"href":"https:\/\/mediarun.com\/pl\/wp-json\/wp\/v2\/posts"}],"about":[{"href":"https:\/\/mediarun.com\/pl\/wp-json\/wp\/v2\/types\/post"}],"author":[{"embeddable":true,"href":"https:\/\/mediarun.com\/pl\/wp-json\/wp\/v2\/users\/2"}],"replies":[{"embeddable":true,"href":"https:\/\/mediarun.com\/pl\/wp-json\/wp\/v2\/comments?post=176147"}],"version-history":[{"count":0,"href":"https:\/\/mediarun.com\/pl\/wp-json\/wp\/v2\/posts\/176147\/revisions"}],"wp:featuredmedia":[{"embeddable":true,"href":"https:\/\/mediarun.com\/pl\/wp-json\/wp\/v2\/media\/176148"}],"wp:attachment":[{"href":"https:\/\/mediarun.com\/pl\/wp-json\/wp\/v2\/media?parent=176147"}],"wp:term":[{"taxonomy":"category","embeddable":true,"href":"https:\/\/mediarun.com\/pl\/wp-json\/wp\/v2\/categories?post=176147"},{"taxonomy":"post_tag","embeddable":true,"href":"https:\/\/mediarun.com\/pl\/wp-json\/wp\/v2\/tags?post=176147"}],"curies":[{"name":"wp","href":"https:\/\/api.w.org\/{rel}","templated":true}]}}