{"id":17565,"date":"2011-04-04T16:33:49","date_gmt":"2011-04-04T14:33:49","guid":{"rendered":"https:\/\/mediarun.com\/index.php\/news-posts\/wroclaw-miejscem-spotkania-branzy-pr-wywiad\/"},"modified":"2011-04-04T16:33:49","modified_gmt":"2011-04-04T14:33:49","slug":"wroclaw-miejscem-spotkania-branzy-pr-wywiad","status":"publish","type":"post","link":"https:\/\/mediarun.com\/pl\/marketing\/pr\/wroclaw-miejscem-spotkania-branzy-pr-wywiad.html","title":{"rendered":"Wroc\u0142aw miejscem spotkania bran\u017cy PR (wywiad)"},"content":{"rendered":"<p><strong>Jaki jest cel kwietniowego Kongresu Profesjonalist&oacute;w Public Relations?<\/strong><\/p>\n<p>Przede wszystkim jest to integracja \u015brodowiska PR, budowanie w\u0142asnej to\u017csamo\u015bci, prezentacja wynik&oacute;w bada\u0144, ale tak\u017ce poszukiwanie nowych kierunk&oacute;w rozwoju dla firm, agencji i prywatnych os&oacute;b zafascynowanych public relations.<\/p>\n<p><strong>Czy pomys\u0142 stworzenia Kongresu Profesjonalist&oacute;w by\u0142 odpowiedzi\u0105 na potrzeb\u0119 polskiej bran\u017cy public relations, a mo\u017ce zainspirowa\u0142o Pa\u0144stwa ju\u017c istniej\u0105ce wydarzenie?<\/strong><\/p>\n<p>Kongres Profesjonalist&oacute;w Public Relations zosta\u0142 zainspirowany sukcesem rzeszowskiego Kongresu PR. Zaobserwowali\u015bmy, \u017ce takie dwu, trzy dniowe spotkania s\u0105 bardzo potrzebne \u015brodowisku PR. Wymiana do\u015bwiadcze\u0144 jest niezwykle stymuluj\u0105ca. Prezentowane przez prelegent&oacute;w tre\u015bci cz\u0119sto mocno inspiruj\u0105. Po za tym kongresy to doskona\u0142a okazja do rozm&oacute;w kuluarowych, na kt&oacute;re w codziennym, zabieganym \u017cyciu nie mamy czasu.<\/p>\n<p><strong>Dlaczego g\u0142&oacute;wnym tematem tegorocznego kongresu we Wroc\u0142awiu b\u0119dzie pomiar efektywno\u015bci dzia\u0142a\u0144 PR?<\/strong><\/p>\n<p>Zauwa\u017cyli\u015bmy, \u017ce tego w\u0142a\u015bnie potrzebuje rynek. Metod, instrument&oacute;w, bada\u0144 empirycznych jest nadal zbyt ma\u0142o. Public Relations, je\u015bli maj\u0105 by\u0107 realizowane rzetelnie musz\u0105 korzysta\u0107 z bada\u0144 naukowych, opiera\u0107 si\u0119 na sprawdzonych przes\u0142ankach, wnioskowa\u0107 z danych liczbowych. Tym zagadnieniom przyjrzymy si\u0119 podczas kwietniowego spotkania. Z tej okazji powstanie publikacja prezentuj\u0105ca metody pomiaru efekt&oacute;w public relations. Zaprezentowane zostan\u0105 narz\u0119dzia, w tym systemy informatyczne takie jak Barometr Komunikacji.<\/p>\n<p><strong>Jakie macie Pa\u0144stwo oczekiwania wobec Kongresu, jako organizatorzy? <\/strong><\/p>\n<p>Zale\u017cy nam, aby wzbogaceni merytorycznie uczestnicy mogli wymienia\u0107 si\u0119 do\u015bwiadczeniami i aby tegoroczny Kongres by\u0142 na tak wysokim poziomie jak rzeszowskie spotkania, kt&oacute;re organizowa\u0142em.<\/p>\n<p><strong>Dlaczego warto by\u0107 14 i 15 kwietnia we Wroc\u0142awiu?<\/strong><\/p>\n<p>Sukces zawodowy budujemy w oparciu o relacje. Uczestnicz\u0105c w \u017cyciu bran\u017cy podnosimy kwalifikacje i budujemy wiedz\u0119. Wroc\u0142awskie spotkanie b\u0119dzie doskona\u0142ym pretekstem, aby przyjrze\u0107 si\u0119 obowi\u0105zuj\u0105cym trendom i wymieni\u0107 do\u015bwiadczeniami.<\/p>\n<p style=\"text-align: right;\">Rozmawia\u0142a Katarzyna Siedlik<\/p>\n<p><em>Wi\u0119cej informacji na temat Kongresu Profesjonalist&oacute;w Public Relations mo\u017cna znale\u017a\u0107 pod adresem <a href=\"http:\/\/www.kongresprofesjonalistow.pl\" target=\"_blank\" rel=\"noopener\">www.kongresprofesjonalistow.pl<\/a>. Mediarun.pl jest patronem medialnym wydarzenia.<\/em><\/p>\n","protected":false},"excerpt":{"rendered":"O zbli\u017caj\u0105cym si\u0119&nbsp;Kongresie Profesjonalist&oacute;w Public Relations we Wroc\u0142awiu opowiada dr Dariusz Tworzyd\u0142o, organizator wydarzenia.","protected":false},"author":1,"featured_media":17566,"comment_status":"open","ping_status":"closed","sticky":false,"template":"","format":"standard","meta":{"csco_display_header_overlay":false,"csco_singular_sidebar":"","csco_page_header_type":"","csco_page_load_nextpost":"","csco_post_video_location":[],"csco_post_video_location_hash":"","csco_post_video_url":"","csco_post_video_bg_start_time":0,"csco_post_video_bg_end_time":0,"footnotes":""},"categories":[9648],"tags":[564],"class_list":{"0":"post-17565","1":"post","2":"type-post","3":"status-publish","4":"format-standard","5":"has-post-thumbnail","7":"category-pr","8":"tag-kongres-pr","9":"cs-entry","10":"cs-video-wrap"},"_links":{"self":[{"href":"https:\/\/mediarun.com\/pl\/wp-json\/wp\/v2\/posts\/17565","targetHints":{"allow":["GET"]}}],"collection":[{"href":"https:\/\/mediarun.com\/pl\/wp-json\/wp\/v2\/posts"}],"about":[{"href":"https:\/\/mediarun.com\/pl\/wp-json\/wp\/v2\/types\/post"}],"author":[{"embeddable":true,"href":"https:\/\/mediarun.com\/pl\/wp-json\/wp\/v2\/users\/1"}],"replies":[{"embeddable":true,"href":"https:\/\/mediarun.com\/pl\/wp-json\/wp\/v2\/comments?post=17565"}],"version-history":[{"count":0,"href":"https:\/\/mediarun.com\/pl\/wp-json\/wp\/v2\/posts\/17565\/revisions"}],"wp:featuredmedia":[{"embeddable":true,"href":"https:\/\/mediarun.com\/pl\/wp-json\/wp\/v2\/media\/17566"}],"wp:attachment":[{"href":"https:\/\/mediarun.com\/pl\/wp-json\/wp\/v2\/media?parent=17565"}],"wp:term":[{"taxonomy":"category","embeddable":true,"href":"https:\/\/mediarun.com\/pl\/wp-json\/wp\/v2\/categories?post=17565"},{"taxonomy":"post_tag","embeddable":true,"href":"https:\/\/mediarun.com\/pl\/wp-json\/wp\/v2\/tags?post=17565"}],"curies":[{"name":"wp","href":"https:\/\/api.w.org\/{rel}","templated":true}]}}