{"id":175563,"date":"2016-12-02T10:00:22","date_gmt":"2016-12-02T09:00:22","guid":{"rendered":"https:\/\/mediarun.com\/pl\/?p=175563"},"modified":"2017-03-22T21:38:29","modified_gmt":"2017-03-22T20:38:29","slug":"dzis-start-telewizji-wirtualnej-polski","status":"publish","type":"post","link":"https:\/\/mediarun.com\/pl\/media\/dzis-start-telewizji-wirtualnej-polski.html","title":{"rendered":"Dzi\u015b start telewizji Wirtualnej Polski!"},"content":{"rendered":"<h3><strong>Dzisiaj\u00a0o godzinie 16:50, programem #dziejesi\u0119na\u017cywo prowadzonym przez Macieja Or\u0142osia, rozpocznie nadawanie telewizja WP. <\/strong><strong>Kana\u0142 b\u0119dzie nadawany w naziemnej telewizji cyfrowej (MUX8) oraz w wybranych sieciach kablowych, a od 5\u00a0<\/strong><strong>\u00a0grudnia widzowie mog\u0105 go ogl\u0105da\u0107 r\u00f3wnie\u017c na stronie g\u0142\u00f3wnej Wirtualnej Polski.<\/strong><\/h3>\n<p>Produkcje w\u0142asne stacji zajm\u0105 ponad 2,5 godziny programu dziennie. B\u0119d\u0105 si\u0119 na nie sk\u0142ada\u0107 trzy pasma: publicystyczne, lifestylowe i informacyjne o wsp\u00f3lnym tytule #dziejesi\u0119na\u017cywo. Poprowadz\u0105 je m.in. Maciej Or\u0142o\u015b, Igor Soko\u0142owski, Kamila Biedrzycka-Osica, Ma\u0142gorzata Serafin, Karolina Jakobsche, Ma\u0142gorzata Ohme, Aleksandra Szwed, Katarzyna Krupa, Natalia Nguyen. Atutem kana\u0142u b\u0119dzie wysoki udzia\u0142 zagranicznych premier, z kt\u00f3rych znaczna cz\u0119\u015b\u0107 znajdzie si\u0119 w bezp\u0142atnej kolekcji VOD &#8211; uruchomionej r\u00f3wnolegle ze startem stacji. W\u015br\u00f3d hit\u00f3w znajd\u0105 si\u0119 takie \u015bwiatowe produkcje serialowe, jak m.in. The Fall, Orphan Black, Parade\u2019s End, Ekaterina, Prisoners of War, Broen, Death in Paradise, Call The Midwife, Manor House czy Dressed For Mourning.<\/p>\n<blockquote><p>\u201e<em>Start telewizji WP to bardzo wa\u017cny moment w 21-letniej historii rozwoju naszego biznesu &#8211; Wirtualnej Polski. Rozszerzamy mark\u0119 WP staj\u0105c si\u0119 multimedium internetowo \u2013 telewizyjnym. Dzi\u0119ki wykorzystaniu kompetencji i skali dzia\u0142ania Grupy, synergii w obszarach dystrybucji naszych produkcji telewizyjnych oraz promocji, dajemy nowemu kana\u0142owi siln\u0105 przewag\u0119 konkurencyjn\u0105 ju\u017c na starcie i szans\u0119 konkurowania z najwi\u0119kszy-mi kana\u0142ami og\u00f3lnopolskimi. Polakom, mo\u017cliwo\u015b\u0107 korzystania z Wirtualnej Polski na najwi\u0119kszym ekranie w ka\u017cdym domu.\u201d\u00a0<\/em>&#8211; powiedzia\u0142 Jacek \u015awiderski, Prezes Zarz\u0105du Grupy Wirtualna Polska Holding S.A<\/p><\/blockquote>\n<p>Zasi\u0119g kana\u0142u b\u0119dzie te\u017c zapewniony przez reemisj\u0119 ze strony g\u0142\u00f3wnej Wirtualnej Polski.\u00a0Sprzeda\u017c sponsoringu i akcji specjalnych realizowana b\u0119dzie przez Grup\u0119 Wirtualna Polska.<\/p>\n<h4><img fetchpriority=\"high\" decoding=\"async\" class=\"aligncenter size-full wp-image-175568\" src=\"https:\/\/mediarun.com\/wp-content\/uploads\/2016\/12\/m.orlos_1.jpg\" alt=\"m-orlos_1\" width=\"3808\" height=\"2534\" title=\"\" srcset=\"https:\/\/mediarun.com\/pl\/wp-content\/uploads\/2016\/12\/m.orlos_1.jpg 2560w, https:\/\/mediarun.com\/pl\/wp-content\/uploads\/2016\/12\/m.orlos_1-300x200.jpg 300w, https:\/\/mediarun.com\/pl\/wp-content\/uploads\/2016\/12\/m.orlos_1-600x400.jpg 600w, https:\/\/mediarun.com\/pl\/wp-content\/uploads\/2016\/12\/m.orlos_1-1052x700.jpg 1052w\" sizes=\"(max-width: 3808px) 100vw, 3808px\" \/><\/h4>\n<h4><strong>Telewizja w Internecie<\/strong><\/h4>\n<p>Dzi\u0119ki telewizyjnemu playerowi, umiejscowionemu w\u00a0oknie na stronie g\u0142\u00f3wnej WP, widz b\u0119dzie m\u00f3g\u0142 swobodnie porusza\u0107 si\u0119 mi\u0119dzy sygna\u0142em telewizji na \u017cywo a d\u0142u\u017cszymi tre\u015bciami VOD.\u00a0B\u0119dzie mia\u0142 mo\u017cliwo\u015b\u0107 cofni\u0119cia si\u0119 do wyemitowanych program\u00f3w czy seriali oraz m\u00f3g\u0142 na bie\u017c\u0105co reagowa\u0107 na aktualnie nadawany program, wchodz\u0105c w interakcj\u0119. Poni\u017cej playera znajdzie si\u0119 tzw. newsfeed, b\u0119d\u0105cy strumieniem szybko podawanych cytat\u00f3w, ciekawostek wychwyconych w social mediach, redakcyjnych sond i u\u017cytecznych widget\u00f3w.<\/p>\n<h4><strong>Internet w Telewizji<\/strong><\/h4>\n<p>Innowacyjn\u0105, u\u017cyteczn\u0105 funkcj\u0105 b\u0119d\u0105 widoczne na ekranach telewizor\u00f3w tzw. elementy wzbogacaj\u0105ce, nak\u0142adane na przekaz. B\u0119dzie to dynamiczny obszar w kszta\u0142cie litery \u201eL\u201d, z kr\u00f3tkimi, zr\u00f3\u017cnicowanymi tre\u015bciami, redagowanymi w formie znanej z medi\u00f3w spo\u0142eczno\u015bciowych czy agencyjnych depesz. W\u015br\u00f3d rotuj\u0105cych tekst\u00f3w znajd\u0105 si\u0119\u00a0m.in. news bites, czyli informacyjne \u201ek\u0105ski\u201d oraz tre\u015bci dotycz\u0105ce ram\u00f3wki, zach\u0119caj\u0105ce widz\u00f3w do interakcji z ram\u00f3wk\u0105 przez urz\u0105dzenia mobilne czy pecety.<\/p>\n<blockquote><p><em>\u201e<\/em><em>Jako telewizja interaktywna, z korzeniami w Internecie, b\u0119dziemy anga\u017cowa\u0107 publiczno\u015b\u0107 prowadz\u0105c dialog poprzez w\u0142asne strony, jak i Facebook, Twitter oraz &#8211; w niedalekiej przysz\u0142o\u015bci &#8211; aplikacj\u0119.<\/em>\u00a0Widzowie b\u0119d\u0105 wsp\u00f3\u0142tworzy\u0107 programy udost\u0119pniaj\u0105c wideo w\u0142asnej produkcji, kt\u00f3re b\u0119dziemy pokazywa\u0107 na antenie oraz w oficjalnym serwisie telewizji. Chcemy by\u0107 telewizj\u0105 prezentuj\u0105c\u0105 pogl\u0105dy wszystkich \u015brodowisk, wychodz\u0105c\u0105 ze studia szeroko w Polsk\u0119, docieraj\u0105c do wszystkich zak\u0105tk\u00f3w kraju. To b\u0119dzie telewizja, kt\u00f3ra w niespotykanym dotychczas stopniu zaprz\u0119gnie Internet\u201d\u00a0 &#8211;\u00a0powiedzia\u0142 Micha\u0142 Bra\u0144ski, VP Product Strategy.<\/p><\/blockquote>\n<h4><img decoding=\"async\" class=\"aligncenter size-full wp-image-175564\" src=\"https:\/\/mediarun.com\/wp-content\/uploads\/2016\/12\/Ram\u0118wka_TVWP_1.jpg\" alt=\"ramewka_tvwp_1\" width=\"3934\" height=\"2618\" title=\"\" srcset=\"https:\/\/mediarun.com\/pl\/wp-content\/uploads\/2016\/12\/Ram\u0118wka_TVWP_1.jpg 2560w, https:\/\/mediarun.com\/pl\/wp-content\/uploads\/2016\/12\/Ram\u0118wka_TVWP_1-300x200.jpg 300w, https:\/\/mediarun.com\/pl\/wp-content\/uploads\/2016\/12\/Ram\u0118wka_TVWP_1-600x400.jpg 600w, https:\/\/mediarun.com\/pl\/wp-content\/uploads\/2016\/12\/Ram\u0118wka_TVWP_1-1052x700.jpg 1052w\" sizes=\"(max-width: 3934px) 100vw, 3934px\" \/><\/h4>\n<h4><strong>RAM\u00d3WKA<\/strong><\/h4>\n<p>Pod wzgl\u0119dem programowym telewizja WP to kana\u0142 uniwersalny, familijny, znajduj\u0105cy widowni\u0119 m\u0142odsz\u0105 ni\u017c B4, w wi\u0119kszych miastach. Poprzez dob\u00f3r pozycji serialowych i antenowych twarzy zorientowany lekko na kobiety. Telewizja WP dziedziczy wiele cech z marki WP: pluralizm, obiektywizm, niezale\u017cno\u015b\u0107, wysokie standardy dziennikarskie,\u00a0 przyst\u0119pny spos\u00f3b podawania informacji z jednej strony z powag\u0105, z drugiej b\u0119d\u0105c te\u017c \u017ar\u00f3d\u0142em rozrywki jak r\u00f3wnie\u017c szerok\u0105 widowni\u0119.<\/p>\n<p>Telewizja WP b\u0119dzie zbli\u017ca\u0107 ludzi buduj\u0105c pozytywne emocje, zgodnie z has\u0142em \u201ePolska jest jedna\u201d &#8211;\u00a0 \u201eWirtualna Polska jest jedna\u201d.<\/p>\n<h4><strong>PRODUKCJA W\u0141ASNA:<\/strong><\/h4>\n<p>Produkcje w\u0142asne obejm\u0105 trzy pasma: publicystyczne, lifestylowe i informacyjne pod wsp\u00f3ln\u0105 nazw\u0105 #dziejesi\u0119na\u017cywo, emitowane w dw\u00f3ch blokach dopasowanych do r\u00f3\u017cnych typ\u00f3w widowni.<\/p>\n<h4><strong>#dziejesi\u0119na\u017cywo 9.00 (od poniedzia\u0142ku do pi\u0105tku 9.00-10.00)\u00a0<\/strong><strong>\u00a0<\/strong><\/h4>\n<p><strong>Pasmo<\/strong>\u00a0<strong>publicystyczne<\/strong>\u00a0poprowadz\u0105 mi\u0119dzy innymi: Igor Soko\u0142owski, Ma\u0142gorzata Serafin, Kamila Biedrzycka-Osica, Karolina Jakobsche. Dziennikarzy b\u0119d\u0105 wspiera\u0107 zespo\u0142y reporterskie korespondent\u00f3w m.in. Leszka Krawczyka oraz znani z serwis\u00f3w WP komentatorzy: S\u0142awomir Sierakowski, Jacek \u017bakowski, Pawe\u0142\u00a0Lisicki\u00a0 i inni.<\/p>\n<blockquote><p><strong><em>\u201e<\/em><\/strong><em>Telewizj\u0119 WP tworz\u0105 osobowo\u015bci. Nie tylko te przed kamer\u0105, ale te\u017c poza ni\u0105. Mam wielkie szcz\u0119\u015bcie a nawet zaszczyt pracowa\u0107 przy tym projekcie z zespo\u0142em ludzi, kt\u00f3rzy s\u0105 jako\u015bci\u0105 sam\u0105 w sobie. Firma to ludzie, wi\u0119c telewizja WP to\u00a0 otwarto\u015b\u0107, odwaga i niestandardowe pomys\u0142y\u201d \u2013<\/em>\u00a0powiedzia\u0142 Wojtek Pawlak, Prezes telewizji WP.<\/p><\/blockquote>\n<p>W #dziejesi\u0119na\u017cywo 9.00 widzowie obejrz\u0105 wywiady ze znanymi i wa\u017cnymi osobisto\u015bciami \u017cycia publicznego, bohaterami bie\u017c\u0105cych, istotnych spo\u0142eczno &#8211; politycznych wydarze\u0144. Go\u015b\u0107mi w studiu telewizyjnym b\u0119d\u0105 wiod\u0105cy politycy, eksperci, przedstawiciele organizacji pozarz\u0105dowych, ludzie biznesu, kultury i sportu. W programie wa\u017cne miejsce zajm\u0105 r\u00f3wnie\u017c magazyny konsumenckie oraz biznesowe z akcentem na polskie firmy i rodzim\u0105 przedsi\u0119biorczo\u015b\u0107, reporta\u017ce z kraju, a tak\u017ce felietony o tematyce spo\u0142ecznej. Pasmo b\u0119dzie z\u0142o\u017cone z modu\u0142\u00f3w tematycznych, kt\u00f3rych \u0142\u0105cznikiem b\u0119d\u0105 bie\u017c\u0105ce informacje, przegl\u0105d materia\u0142\u00f3w z serwis\u00f3w WP, opinie i komentarze internaut\u00f3w, tre\u015bci dostarczane przez widz\u00f3w oraz prognoza pogody. <strong>#dziejesi\u0119na\u017cywo 10.00 (od poniedzia\u0142ku do pi\u0105tku 10.00-11.00)<\/strong><\/p>\n<p><img decoding=\"async\" class=\"aligncenter size-full wp-image-175569\" src=\"https:\/\/mediarun.com\/wp-content\/uploads\/2016\/12\/m.orlos_3.jpg\" alt=\"m-orlos_3\" width=\"3906\" height=\"2599\" title=\"\" srcset=\"https:\/\/mediarun.com\/pl\/wp-content\/uploads\/2016\/12\/m.orlos_3.jpg 2560w, https:\/\/mediarun.com\/pl\/wp-content\/uploads\/2016\/12\/m.orlos_3-300x200.jpg 300w, https:\/\/mediarun.com\/pl\/wp-content\/uploads\/2016\/12\/m.orlos_3-600x400.jpg 600w, https:\/\/mediarun.com\/pl\/wp-content\/uploads\/2016\/12\/m.orlos_3-1052x700.jpg 1052w\" sizes=\"(max-width: 3906px) 100vw, 3906px\" \/><\/p>\n<p><strong>Pasmo lifestyle<\/strong>\u00a0poprowadz\u0105 mi\u0119dzy innymi: Ma\u0142gorzata Ohme, Aleksandra Szwed, Katarzyna Krupa, Natalia Nguyen, Patryk Ignaczak.<\/p>\n<p>Pasmo dla widz\u00f3w, kt\u00f3rzy szukaj\u0105 inspiracji w codziennym \u017cyciu. Po\u015bwi\u0119cone relacjom mi\u0119dzyludzkim, stylowi \u017cycia, zdrowiu, urodzie, kondycji fizycznej, rodzinie a tak\u017ce trendom w polskim i \u015bwiatowym designie architektonicznym i modzie. W programie r\u00f3wnie\u017c porady biznesowe, finansowe i prawne przydatne ka\u017cdemu \u201eKowalskiemu\u201d, a tak\u017ce przegl\u0105d nowinek technologicznych domowego u\u017cytku oraz\u00a0 rankingi zaskakuj\u0105cych gad\u017cet\u00f3w.<\/p>\n<p>Podobnie do pasma publicystycznego, pasmo lifestylowe b\u0119dzie z\u0142o\u017cone z tematycznych modu\u0142\u00f3w przeplatanych tre\u015bciami z serwis\u00f3w WP oraz opiniami i komentarzami widz\u00f3w i internaut\u00f3w.<\/p>\n<h4><strong>#dziejesi\u0119na\u017cywo 16.50 i 18.45<\/strong>\u00a0<strong>(codziennie od poniedzia\u0142ku do niedzieli\u00a0 16.50 i 18.45)\u00a0\u00a0<\/strong><\/h4>\n<p><strong>Pasmo informacyjne\u00a0<\/strong>poprowadz\u0105 Maciej Or\u0142o\u015b i Igor Soko\u0142owski. Najwa\u017cniejsze informacje ze \u015bwiata, z akcentem na sprawy polskie w uj\u0119ciu\u00a0 krajowym i lokalnym. Zawsze obiektywnie, niezale\u017cnie i rzetelnie przedstawiany prawdziwy obraz wydarze\u0144. Transmisje na \u017cywo, relacje reporterskie z terenu i mobilnego studia. Mi\u0119dzynarodowe i krajowe wydarzenia \u015bwiata sportu oraz \u00a0prognoza pogody.<\/p>\n<p>Pasma\u00a0<strong>#dziejesi\u0119na\u017cywo\u00a0<\/strong>b\u0119d\u0105 powstawa\u0142y przy \u015bcis\u0142ej wsp\u00f3\u0142pracy z\u00a0 redakcyjnymi zespo\u0142ami serwis\u00f3w Wirtualnej Polski: dziennikarzami, reporterami, korespondentami zagranicznymi (m.in. z\u00a0 Wielkiej Brytanii, USA, Niemczech, Belgii, Norwegii, Indii, Taiwanu, Meksyku), wydawcami i producentami. Miesi\u0119cznie zespo\u0142y te tworz\u0105 ponad 35 tys. artyku\u0142\u00f3w, materia\u0142\u00f3w foto i wideo na strony WP.<\/p>\n<h4><strong>PRODUKCJA ZAGRANICZNA:<\/strong><\/h4>\n<h4><strong>Telewizja Wirtualnej Polski to r\u00f3wnie\u017c jako\u015bciowy kontent produkcji serialowych, dokument\u00f3w, reality show i program\u00f3w edukacyjnych.<\/strong><\/h4>\n<p>Codzienne pasma serialowe dopasowane b\u0119d\u0105 do szerokiej widowni. Portfolio telewizji WP to w\u00a0 znacznej cz\u0119\u015bci nieemitowane wcze\u015bniej w kana\u0142ach otwartej telewizji zagraniczne produkcje. Wiele z nich ma status \u015bwiatowych hit\u00f3w. W\u015br\u00f3d nich m.in. kanadyjski serial z gatunku science fiction \u2013 \u201eOrphan Black\u201d, kt\u00f3rego odtw\u00f3rczyni g\u0142\u00f3wnej roli, Tatiana Maslany zdoby\u0142a w tym roku nagrod\u0119 Emmy\u00a0 w kategorii najlepsza aktorka pierwszoplanowa w serialu dramatycznym; \u201ePrisoners of War\u201d serial produkcji izraelskiej, kt\u00f3ry by\u0142 pierwowzorem dla kultowego Homeland; du\u0144sko \u2013 szwedzki serial kryminalny \u201eBroen\u201d z wybitn\u0105 Sofi\u0105 Helin; brytyjski serial kryminalny \u201eThe Fall\u201d z Gillian Anderson z \u201eArchiwum X\u201d czy dramat wojenny \u201eParade\u2019s end\u201d z plejad\u0105 gwiazd takich Benedict Cumberbatch, Rebecca Hall i Adelaide Clemens, na podstawie scenariusza dwukrotnego zdobywcy Oscara, Toma Stopparda.<\/p>\n","protected":false},"excerpt":{"rendered":"Dzisiaj\u00a0o godzinie 16:50, programem #dziejesi\u0119na\u017cywo prowadzonym przez Macieja Or\u0142osia, rozpocznie nadawanie telewizja WP. Kana\u0142 b\u0119dzie nadawany w naziemnej&hellip;","protected":false},"author":2,"featured_media":175565,"comment_status":"open","ping_status":"closed","sticky":false,"template":"","format":"standard","meta":{"csco_display_header_overlay":false,"csco_singular_sidebar":"","csco_page_header_type":"","csco_page_load_nextpost":"","csco_post_video_location":[],"csco_post_video_location_hash":"","csco_post_video_url":"","csco_post_video_bg_start_time":0,"csco_post_video_bg_end_time":0,"footnotes":""},"categories":[9668,9670],"tags":[980,11190,9671,594],"class_list":{"0":"post-175563","1":"post","2":"type-post","3":"status-publish","4":"format-standard","5":"has-post-thumbnail","7":"category-media","8":"category-tv","9":"tag-ramowka","10":"tag-telewizja-wp","11":"tag-tv","12":"tag-wirtualna-polska","13":"cs-entry","14":"cs-video-wrap"},"_links":{"self":[{"href":"https:\/\/mediarun.com\/pl\/wp-json\/wp\/v2\/posts\/175563","targetHints":{"allow":["GET"]}}],"collection":[{"href":"https:\/\/mediarun.com\/pl\/wp-json\/wp\/v2\/posts"}],"about":[{"href":"https:\/\/mediarun.com\/pl\/wp-json\/wp\/v2\/types\/post"}],"author":[{"embeddable":true,"href":"https:\/\/mediarun.com\/pl\/wp-json\/wp\/v2\/users\/2"}],"replies":[{"embeddable":true,"href":"https:\/\/mediarun.com\/pl\/wp-json\/wp\/v2\/comments?post=175563"}],"version-history":[{"count":0,"href":"https:\/\/mediarun.com\/pl\/wp-json\/wp\/v2\/posts\/175563\/revisions"}],"wp:featuredmedia":[{"embeddable":true,"href":"https:\/\/mediarun.com\/pl\/wp-json\/wp\/v2\/media\/175565"}],"wp:attachment":[{"href":"https:\/\/mediarun.com\/pl\/wp-json\/wp\/v2\/media?parent=175563"}],"wp:term":[{"taxonomy":"category","embeddable":true,"href":"https:\/\/mediarun.com\/pl\/wp-json\/wp\/v2\/categories?post=175563"},{"taxonomy":"post_tag","embeddable":true,"href":"https:\/\/mediarun.com\/pl\/wp-json\/wp\/v2\/tags?post=175563"}],"curies":[{"name":"wp","href":"https:\/\/api.w.org\/{rel}","templated":true}]}}