{"id":173840,"date":"2016-10-27T14:00:44","date_gmt":"2016-10-27T12:00:44","guid":{"rendered":"https:\/\/mediarun.com\/pl\/?p=173840"},"modified":"2017-03-22T21:39:22","modified_gmt":"2017-03-22T20:39:22","slug":"zmiany-zespole-ffw-communication","status":"publish","type":"post","link":"https:\/\/mediarun.com\/pl\/ludzie\/kariera\/zmiany-zespole-ffw-communication.html","title":{"rendered":"Zmiany w zespole FFW Communication\u00a0"},"content":{"rendered":"<h3><b>Nowi specjali\u015bci i awans w warszawskiej agencji FFW Communication to odpowied\u017a na dynamiczny rozw\u00f3j content marketingu i rosn\u0105ce zapotrzebowanie firm na profesjonalne zarz\u0105dzanie spo\u0142eczno\u015bciami dla biznesu. \u00a0<\/b><\/h3>\n<p>W ostatnim czasie agencja zatrudni\u0142a czterech specjalist\u00f3w i awansowa\u0142a <b>Marcina Koryszewskiego <\/b>na stanowisko <b>Head of Social Media<\/b>.<\/p>\n<p>Dotychczasowy Social Media Project Manager, Marcin Koryszewski, stan\u0105\u0142 na czele zespo\u0142u obs\u0142uguj\u0105cego kluczowych klient\u00f3w agencji. Specjalista planowania strategicznego<br \/>\nw mediach spo\u0142eczno\u015bciowych z czteroletnim do\u015bwiadczeniem w zarz\u0105dzaniu kana\u0142ami Social Media b\u0119dzie nadzorowa\u0142 dzia\u0142ania m.in. dla\u00a0 Hewlett Packard Enterprise, Lenovo<br \/>\ni Lenovo Moto, IDC, Pionieer Polska,\u00a0 Legrand Bikes<\/p>\n<p>Zesp\u00f3\u0142 powi\u0119kszy\u0142 si\u0119 o nowego <b>Social Media Specialist<\/b>. W sierpniu do\u0142\u0105czy\u0142a do niego <b>Aleksandra Grunt-Mejer<\/b>, kt\u00f3ra poza mediami spo\u0142eczno\u015bciowymi, specjalizuje si\u0119<br \/>\nw marketingu kontekstowym i kampaniach cross mediowych.<\/p>\n<p><img fetchpriority=\"high\" decoding=\"async\" class=\"aligncenter size-full wp-image-173841\" src=\"https:\/\/mediarun.com\/wp-content\/uploads\/2016\/10\/sm-team-2.jpg\" alt=\"sm-team-2\" width=\"4032\" height=\"3024\" title=\"\" srcset=\"https:\/\/mediarun.com\/pl\/wp-content\/uploads\/2016\/10\/sm-team-2.jpg 2560w, https:\/\/mediarun.com\/pl\/wp-content\/uploads\/2016\/10\/sm-team-2-933x700.jpg 933w\" sizes=\"(max-width: 4032px) 100vw, 4032px\" \/><\/p>\n<p>Szeregi FFW Communication zasili\u0142 tak\u017ce nowy <b>Account Manager, Damian Siemkowicz, <\/b>kt\u00f3ry odpowiada\u0107 b\u0119dzie za obszar SEM\/SEO. Siemkowicz ma na koncie wieloletnie do\u015bwiadczenie w koordynacji prac dzia\u0142\u00f3w SEM\/SEO, Web Design, Key Account oraz kompleksowe projekty marketingowe SEM\/Digital\/ATL\/BTL<b> <\/b>w agencjach marketingu internetowego.<\/p>\n<p><b>Adrian Czajka,<\/b> specjalizuj\u0105cy si\u0119 w zakupie medi\u00f3w oraz planowaniu i optymalizacji kampanii reklamowych, w FFW Communication zosta\u0142 nowym <b>Mediaplannerem<\/b>.<\/p>\n<p><b>Aleksandra Zawadzka<\/b> do\u0142\u0105czy\u0142a do FFW Communication jako <b>copywriter<\/b>. Wcze\u015bniej, jako dziennikarka lifestylowa, publikowa\u0142a m.in. w: Aktivist, HIRO, Fashion PR Talks, Ohme.pl.<\/p>\n<blockquote><p><em>Prowadzimy rozbudowane kampanie 360<sup>\u00b0<\/sup>w segmentach B2B, mass market i w komunikacji wewn\u0119trznej. Wykorzystujemy w nich narz\u0119dzia i rozwi\u0105zania z wielu obszar\u00f3w marketingu. Nie by\u0142oby to mo\u017cliwe bez zespo\u0142u z\u0142o\u017conego z ludzi o r\u00f3\u017cnym do\u015bwiadczeniu i pasjach, kt\u00f3rzy umiej\u0105 czerpa\u0107 od siebie nawzajem, s\u0142ucha\u0107 si\u0119 <\/em><br \/>\n<em> i inspirowa\u0107 po to, by na ko\u0144cu dostarczy\u0107 klientowi efektywne i kompletne rozwi\u0105zanie. Dlatego nasze szeregi zawsze zasilaj\u0105 osoby, kt\u00f3re maj\u0105 nie tylko do\u015bwiadczenie, ale i siln\u0105 orientacj\u0119 probiznesow\u0105 \u2013 m\u00f3wi Krzysztof Ma\u0142ecki, CEO w FFW Communication.<\/em><\/p><\/blockquote>\n<h4><strong>Przeczytaj te\u017c:<\/strong><\/h4>\n<ul>\n<li><a href=\"https:\/\/mediarun.com\/ludzie\/grupa-board-think-kong-powieksza-grono-specjalistow.html\">Grupa On Board Think Kong powi\u0119ksza grono specjalist\u00f3w<\/a><\/li>\n<li><a href=\"https:\/\/mediarun.com\/ludzie\/continental-wybralo-nowego-dyrektora-generalnego.html\">Continental wybra\u0142o nowego Dyrektora Generalnego<\/a><\/li>\n<li><a href=\"https:\/\/mediarun.com\/ludzie\/nowy-head-of-agency-group-agorze.html\">Nowy Head of Agency Group w AGORZE<\/a><\/li>\n<\/ul>\n","protected":false},"excerpt":{"rendered":"Nowi specjali\u015bci i awans w warszawskiej agencji FFW Communication to odpowied\u017a na dynamiczny rozw\u00f3j content marketingu i rosn\u0105ce&hellip;","protected":false},"author":2,"featured_media":173936,"comment_status":"open","ping_status":"closed","sticky":false,"template":"","format":"standard","meta":{"csco_display_header_overlay":false,"csco_singular_sidebar":"","csco_page_header_type":"","csco_page_load_nextpost":"","csco_post_video_location":[],"csco_post_video_location_hash":"","csco_post_video_url":"","csco_post_video_bg_start_time":0,"csco_post_video_bg_end_time":0,"footnotes":""},"categories":[9677,5909],"tags":[257,6200,4679],"class_list":{"0":"post-173840","1":"post","2":"type-post","3":"status-publish","4":"format-standard","5":"has-post-thumbnail","7":"category-ludzie","8":"category-kariera","9":"tag-ffw-communication","10":"tag-kadry","11":"tag-ludzie","12":"cs-entry","13":"cs-video-wrap"},"_links":{"self":[{"href":"https:\/\/mediarun.com\/pl\/wp-json\/wp\/v2\/posts\/173840","targetHints":{"allow":["GET"]}}],"collection":[{"href":"https:\/\/mediarun.com\/pl\/wp-json\/wp\/v2\/posts"}],"about":[{"href":"https:\/\/mediarun.com\/pl\/wp-json\/wp\/v2\/types\/post"}],"author":[{"embeddable":true,"href":"https:\/\/mediarun.com\/pl\/wp-json\/wp\/v2\/users\/2"}],"replies":[{"embeddable":true,"href":"https:\/\/mediarun.com\/pl\/wp-json\/wp\/v2\/comments?post=173840"}],"version-history":[{"count":0,"href":"https:\/\/mediarun.com\/pl\/wp-json\/wp\/v2\/posts\/173840\/revisions"}],"wp:featuredmedia":[{"embeddable":true,"href":"https:\/\/mediarun.com\/pl\/wp-json\/wp\/v2\/media\/173936"}],"wp:attachment":[{"href":"https:\/\/mediarun.com\/pl\/wp-json\/wp\/v2\/media?parent=173840"}],"wp:term":[{"taxonomy":"category","embeddable":true,"href":"https:\/\/mediarun.com\/pl\/wp-json\/wp\/v2\/categories?post=173840"},{"taxonomy":"post_tag","embeddable":true,"href":"https:\/\/mediarun.com\/pl\/wp-json\/wp\/v2\/tags?post=173840"}],"curies":[{"name":"wp","href":"https:\/\/api.w.org\/{rel}","templated":true}]}}