{"id":1738,"date":"2013-04-23T21:53:28","date_gmt":"2013-04-23T19:53:28","guid":{"rendered":"https:\/\/mediarun.com\/index.php\/news-posts\/krrit-rozstrzygniecie-konkursu-na-cztery-miejsca-na-multipleksie-w-czerwcu\/"},"modified":"2013-04-23T21:53:28","modified_gmt":"2013-04-23T19:53:28","slug":"krrit-rozstrzygniecie-konkursu-na-cztery-miejsca-na-multipleksie-w-czerwcu","status":"publish","type":"post","link":"https:\/\/mediarun.com\/pl\/media\/tv\/krrit-rozstrzygniecie-konkursu-na-cztery-miejsca-na-multipleksie-w-czerwcu.html","title":{"rendered":"KRRiT: rozstrzygni\u0119cie konkursu na cztery miejsca na multipleksie w czerwcu"},"content":{"rendered":"<p>Nowi nadawcy b\u0119d\u0105 jednak mogli zacz\u0105\u0107 emisj\u0119 najwcze\u015bniej za rok.<\/p>\n<p>&#8222;Obecnie przegl\u0105damy ca\u0142\u0105 dokumentacj\u0119 pod wzgl\u0119dem formalnym i prowadzimy korespondencj\u0119 z uczestnikami konkursu tam, gdzie jest to niezb\u0119dne. Spodziewam si\u0119, \u017ce proces koncesyjny zostanie zako\u0144czony przed wakacjami, czyli \u017ce w czerwcu podj\u0119te zostan\u0105 uchwa\u0142y KRRiT w tej sprawie&#8221; &#8211; zapowiedzia\u0142 przewodnicz\u0105cy KRRiT Jan Dworak, kt&oacute;ry by\u0142 we wtorek go\u015bciem Og&oacute;lnopolskiej Konferencji Operator&oacute;w Komunikacji Elektronicznej w Toruniu.<\/p>\n<p>Konkurs dotyczy koncesji na cztery programy telewizyjne o charakterze: spo\u0142eczno-religijnym, filmowym, edukacyjno-poznawczym i dla dzieci w wieku od czterech do 12 lat. B\u0119d\u0105 one nadawane na og&oacute;lnodost\u0119pnym multipleksie pierwszym (MUX-1), obecnie cz\u0119\u015bciowo zaj\u0119tym przez programy telewizji publicznej.<\/p>\n<p>&#8222;Proces koncesyjny jest prowadzony r&oacute;wnolegle dla wszystkich czterech kana\u0142&oacute;w. W zwi\u0105zku z tym przewiduj\u0119, \u017ce tak\u017ce decyzja zostanie podj\u0119ta i og\u0142oszona r&oacute;wnocze\u015bnie&#8221; &#8211; zaznaczy\u0142 Dworak.<\/p>\n<p>Po uprawomocnieniu si\u0119 decyzji KRRiT nowi nadawcy b\u0119d\u0105 musieli czeka\u0107 z rozpocz\u0119ciem nawadnia do czasu zwolnienia pasm czasowo zajmowanych przez TVP. Publiczny nadawca ma czas, by to zrobi\u0107 do 27 kwietnia 2014 r.<\/p>\n<p>Prezes TVP Juliusz Braun, kt&oacute;ry tak\u017ce by\u0142 go\u015bciem toru\u0144skiej konferencji, zapowiedzia\u0142, \u017ce ten termin nie zostanie znacz\u0105co skr&oacute;cony. &#8222;To mo\u017ce nast\u0105pi\u0107 najwy\u017cej kilka dni, mo\u017ce tydzie\u0144 wcze\u015bniej&#8221; &#8211; doda\u0142.<\/p>\n<p>Jak zapewni\u0142 we wtorek Przemys\u0142aw Kurczewski, prezes sp&oacute;\u0142ki Emitel obs\u0142uguj\u0105cej nadajniki telewizyjne, jego firma jest technicznie przygotowana na ten moment, by natychmiast umo\u017cliwi\u0107 zwyci\u0119zcom konkursu koncesyjnego uruchomienie nadawania. Przypomnia\u0142, \u017ce przy starcie pozosta\u0142ych multipleks&oacute;w nie by\u0142o powa\u017cniejszych problem&oacute;w, a nadawcy dok\u0142adali wszelkich stara\u0144, by jak najszybciej rozpocz\u0105\u0107 emisj\u0119 swoich kana\u0142&oacute;w.<\/p>\n<p>Na trwaj\u0105cy obecnie konkurs wp\u0142yn\u0119\u0142o 16 wniosk&oacute;w. Najwi\u0119cej kontrowersji wzbudza konkurs na program spo\u0142eczno-religijny, w kt&oacute;rym bierze udzia\u0142 nadawca TV Trwam, fundacja Lux Veritatis. W\u0142adze fundacji, m.in. o. Tadeusz Rydzyk, zarzucaj\u0105 KRRiT dyskryminacj\u0119 w procesie przyznawania miejsca na multipleksie.<\/p>\n<p>Zaproszona do dyskusji w Toruniu Lidia Kochanowicz, dyrektor i cz\u0142onek zarz\u0105du Fundacji Lux Veritatis &#8211; w\u0142a\u015bciciela TV Trwam, podkre\u015bla\u0142a \u017ce jej stacja znacz\u0105co odr&oacute;\u017cnia si\u0119 od pozosta\u0142ych uczestnik&oacute;w konkursu, gdy\u017c fundacja nie jest nastawiona na zysk. Jednocze\u015bnie wskaza\u0142a, \u017ce program TV Trwam jest w znacznej cz\u0119\u015bci adresowany do s\u0142abych grup spo\u0142ecznych: emeryt&oacute;w, rencist&oacute;w i bezrobotnych, kt&oacute;rzy maj\u0105 niewielk\u0105 si\u0142\u0119 nabywcz\u0105 i cho\u0107 stanowi\u0105 &#8211; w jej ocenie &#8211; oko\u0142o 25 proc. widowni telewizyjnej &#8211; to nie s\u0105 atrakcyjni dla innych stacji.<\/p>\n<p>Jan Dworak nie chcia\u0142 odnosi\u0107 si\u0119 podczas dyskusji do zarzut&oacute;w Fundacji Lux Veritatis, kt&oacute;ra uwa\u017ca, \u017ce by\u0142a dyskryminowana w dotychczasowych konkursach. Jak zaznaczy\u0142, obecnie zajmuj\u0105 si\u0119 tym inne organy pa\u0144stwowe: komisje sejmowe, prokuratura i s\u0105d administracyjny.<\/p>\n<p>&#8222;Zapewniam, \u017ce w obecnym konkursie fundacja ma pe\u0142ne szanse na uzyskanie koncesji, identyczne jak wszyscy pozostali jego uczestnicy&#8221; &#8211; doda\u0142 Dworak.<\/p>\n<p>Prezentowane w Toruniu wyniki bada\u0144, prowadzonych przez firm\u0119 Nielsen Audience Measurement, wskazuj\u0105 \u017ce liczba gospodarstw domowych w Polsce, korzystaj\u0105cych z sygna\u0142u telewizyjnego z nadajnik&oacute;w naziemnych, od lat systematycznie spada. Obecnie stanowi\u0105 one nieca\u0142e 30 proc. rynku. Jak oceni\u0142 we wtorek prezes Emitela, znacznie ponad 10 mln Polak&oacute;w ma ju\u017c dost\u0119p wy\u0142\u0105cznie do cyfrowego sygna\u0142u telewizji naziemnej.<\/p>\n","protected":false},"excerpt":{"rendered":"Wyniki konkursu na ostatnie cztery miejsca na multipleksie cyfrowym znane b\u0119d\u0105 w czerwcu &#8211; poinformowa\u0142 we wtorek przewodnicz\u0105cy KRRiT Jan Dworak.&nbsp;","protected":false},"author":1,"featured_media":1739,"comment_status":"open","ping_status":"closed","sticky":false,"template":"","format":"standard","meta":{"csco_display_header_overlay":false,"csco_singular_sidebar":"","csco_page_header_type":"","csco_page_load_nextpost":"","csco_post_video_location":[],"csco_post_video_location_hash":"","csco_post_video_url":"","csco_post_video_bg_start_time":0,"csco_post_video_bg_end_time":0,"footnotes":""},"categories":[9670],"tags":[407],"class_list":{"0":"post-1738","1":"post","2":"type-post","3":"status-publish","4":"format-standard","5":"has-post-thumbnail","7":"category-tv","8":"tag-krrit","9":"cs-entry","10":"cs-video-wrap"},"_links":{"self":[{"href":"https:\/\/mediarun.com\/pl\/wp-json\/wp\/v2\/posts\/1738","targetHints":{"allow":["GET"]}}],"collection":[{"href":"https:\/\/mediarun.com\/pl\/wp-json\/wp\/v2\/posts"}],"about":[{"href":"https:\/\/mediarun.com\/pl\/wp-json\/wp\/v2\/types\/post"}],"author":[{"embeddable":true,"href":"https:\/\/mediarun.com\/pl\/wp-json\/wp\/v2\/users\/1"}],"replies":[{"embeddable":true,"href":"https:\/\/mediarun.com\/pl\/wp-json\/wp\/v2\/comments?post=1738"}],"version-history":[{"count":0,"href":"https:\/\/mediarun.com\/pl\/wp-json\/wp\/v2\/posts\/1738\/revisions"}],"wp:featuredmedia":[{"embeddable":true,"href":"https:\/\/mediarun.com\/pl\/wp-json\/wp\/v2\/media\/1739"}],"wp:attachment":[{"href":"https:\/\/mediarun.com\/pl\/wp-json\/wp\/v2\/media?parent=1738"}],"wp:term":[{"taxonomy":"category","embeddable":true,"href":"https:\/\/mediarun.com\/pl\/wp-json\/wp\/v2\/categories?post=1738"},{"taxonomy":"post_tag","embeddable":true,"href":"https:\/\/mediarun.com\/pl\/wp-json\/wp\/v2\/tags?post=1738"}],"curies":[{"name":"wp","href":"https:\/\/api.w.org\/{rel}","templated":true}]}}