{"id":1736,"date":"2013-04-23T21:57:37","date_gmt":"2013-04-23T19:57:37","guid":{"rendered":"https:\/\/mediarun.com\/index.php\/news-posts\/krakow-business-park-idzie-pod-mlotek\/"},"modified":"2013-04-23T21:57:37","modified_gmt":"2013-04-23T19:57:37","slug":"krakow-business-park-idzie-pod-mlotek","status":"publish","type":"post","link":"https:\/\/mediarun.com\/pl\/marketing\/pr\/krakow-business-park-idzie-pod-mlotek.html","title":{"rendered":"Krak\u00f3w Business Park idzie pod m\u0142otek"},"content":{"rendered":"<p>Decyzja s\u0105du ko\u0144czy tak zwan\u0105 afer\u0119 Krak&oacute;w Business Park. Przez kilka lat z KBP transferowano pieni\u0105dze do sp&oacute;\u0142ek s\u0142up&oacute;w i prywatnych os&oacute;b powi\u0105zanych z jej wi\u0119kszo\u015bciowym w\u0142a\u015bcicielem &#8211; Adamem \u015a. Wed\u0142ug opinii bieg\u0142ych ze sp&oacute;\u0142ki w ten spos&oacute;b znikn\u0119\u0142o ponad 100 mln z\u0142.<\/p>\n<p>O fakcie polsk\u0105 prokuratur\u0119 poinformowali mniejszo\u015bciowi udzia\u0142owcy mieszkaj\u0105cy w Stanach Zjednoczonych, kt&oacute;rzy chcieli odzyska\u0107 zainwestowane pieni\u0105dze. Adam \u015a. nie zgadza si\u0119 z wyrokiem s\u0105du i planuje odwo\u0142anie.<\/p>\n<p>Na razie zarz\u0105dzanie sp&oacute;\u0142k\u0105 przej\u0105\u0142 syndyk. Pod m\u0142otek trafi pi\u0119\u0107 biurowc&oacute;w w Zabierzowie pod Krakowem. Od tego kto przejmie KBP i czy b\u0119dzie kontynuowa\u0142 tam obecn\u0105 dzia\u0142alno\u015b\u0107 zale\u017cy los prawie 6 tysi\u0119cy os&oacute;b zatrudnionych w najwi\u0119kszych \u015bwiatowych korporacjach.<\/p>\n<p>Cz\u0119\u015b\u0107 z firm maj\u0105cych tam swoje siedziby rozwa\u017ca przeprowadzk\u0119.<\/p>\n","protected":false},"excerpt":{"rendered":"Krak&oacute;w Business Park idzie pod m\u0142otek, a sze\u015b\u0107 tysi\u0119cy os&oacute;b obawia si\u0119 o swoj\u0105 prac\u0119. S\u0105d po konflikcie udzia\u0142owc&oacute;w KBP wyda\u0142 wyrok nakazuj\u0105cy likwidacj\u0119 i sprzeda\u017c jednego z najwi\u0119kszych centr&oacute;w biznesowych w Polsce.","protected":false},"author":1,"featured_media":1737,"comment_status":"open","ping_status":"closed","sticky":false,"template":"","format":"standard","meta":{"csco_display_header_overlay":false,"csco_singular_sidebar":"","csco_page_header_type":"","csco_page_load_nextpost":"","csco_post_video_location":[],"csco_post_video_location_hash":"","csco_post_video_url":"","csco_post_video_bg_start_time":0,"csco_post_video_bg_end_time":0,"footnotes":""},"categories":[9648],"tags":[],"class_list":{"0":"post-1736","1":"post","2":"type-post","3":"status-publish","4":"format-standard","5":"has-post-thumbnail","7":"category-pr","8":"cs-entry","9":"cs-video-wrap"},"_links":{"self":[{"href":"https:\/\/mediarun.com\/pl\/wp-json\/wp\/v2\/posts\/1736","targetHints":{"allow":["GET"]}}],"collection":[{"href":"https:\/\/mediarun.com\/pl\/wp-json\/wp\/v2\/posts"}],"about":[{"href":"https:\/\/mediarun.com\/pl\/wp-json\/wp\/v2\/types\/post"}],"author":[{"embeddable":true,"href":"https:\/\/mediarun.com\/pl\/wp-json\/wp\/v2\/users\/1"}],"replies":[{"embeddable":true,"href":"https:\/\/mediarun.com\/pl\/wp-json\/wp\/v2\/comments?post=1736"}],"version-history":[{"count":0,"href":"https:\/\/mediarun.com\/pl\/wp-json\/wp\/v2\/posts\/1736\/revisions"}],"wp:featuredmedia":[{"embeddable":true,"href":"https:\/\/mediarun.com\/pl\/wp-json\/wp\/v2\/media\/1737"}],"wp:attachment":[{"href":"https:\/\/mediarun.com\/pl\/wp-json\/wp\/v2\/media?parent=1736"}],"wp:term":[{"taxonomy":"category","embeddable":true,"href":"https:\/\/mediarun.com\/pl\/wp-json\/wp\/v2\/categories?post=1736"},{"taxonomy":"post_tag","embeddable":true,"href":"https:\/\/mediarun.com\/pl\/wp-json\/wp\/v2\/tags?post=1736"}],"curies":[{"name":"wp","href":"https:\/\/api.w.org\/{rel}","templated":true}]}}