{"id":1734,"date":"2013-04-24T09:57:09","date_gmt":"2013-04-24T07:57:09","guid":{"rendered":"https:\/\/mediarun.com\/index.php\/news-posts\/mp-power-night-final-mp-power-awards-juz-w-najblizszy-piatek\/"},"modified":"2013-04-24T09:57:09","modified_gmt":"2013-04-24T07:57:09","slug":"mp-power-night-final-mp-power-awards-juz-w-najblizszy-piatek","status":"publish","type":"post","link":"https:\/\/mediarun.com\/pl\/marketing\/event\/mp-power-night-final-mp-power-awards-juz-w-najblizszy-piatek.html","title":{"rendered":"MP Power Night \u2013 fina\u0142 MP Power Awards ju\u017c w najbli\u017cszy pi\u0105tek"},"content":{"rendered":"<p>26 kwietnia w Centrum Konferencyjnym Muran&oacute;w odb\u0119dzie si\u0119 fina\u0142 MP Power Awards i konkursu towarzysz\u0105cego Kreatywny Roku Bran\u017cy Eventowej.<\/p>\n<p>Tego wieczoru nagrody i wyr&oacute;\u017cnienia odbior\u0105 tak\u017ce Kreatywny Roku Bran\u017cy Eventowej i M\u0142ody Kreatywny Bran\u017cy Eventowej. Event b\u0119dzie mia\u0142 miejsce w warszawskim Centrum Konferencyjnym Muran&oacute;w, kt&oacute;re mie\u015bci si\u0119 w nowo otwartym Muzeum Historii \u017byd&oacute;w Polskich.<\/p>\n<p>MP Power Night to fina\u0142 pierwszej edycji konkursu po\u015bwi\u0119conego bran\u017cy eventowej. &ndash; Zadaniem MP Power Awards opr&oacute;cz wskazania najbardziej wp\u0142ywowych osobisto\u015bci bran\u017cy oraz nagrodzenia najlepszych produkcji i projekt&oacute;w jest promocja profesjonalizmu bran\u017cy oraz budowanie \u015bwiadomo\u015bci warto\u015bci narz\u0119dzi, takich jak m.in. event marketing czy incentive travel, wskazywanie efektywno\u015bci dzia\u0142a\u0144 marketingowych i komunikacyjnych z tego zakresu &ndash; m&oacute;wi Sylwia Banaszewska, dyrektor zarz\u0105dzaj\u0105ca MeetingPlanner.pl. <br \/>Na scenie pojawi\u0105 si\u0119 szczeg&oacute;lne osobisto\u015bci i eksperci bran\u017cy wyr&oacute;\u017cnieni w plebiscycie Power 12 oraz przedstawiciele agencji eventowych, incentive travel, PCO, DMC i wielu firm dostarczaj\u0105cych us\u0142ugi eventowe &ndash; autorzy najlepszych zdaniem Jury MP Power Awards projekt&oacute;w i realizacji. <br \/>Zgodnie z has\u0142em MP Power Awards nagrody trafi\u0105 do os&oacute;b z najwi\u0119ksz\u0105 si\u0142\u0105 przebicia w bran\u017cy. O nagrodach w konkursie decydowa\u0142o 30-osobowe jury z\u0142o\u017cone ze znanych w bran\u017cy ekspert&oacute;w i praktyk&oacute;w pod przewodnictwem Renaty Razmuk, attach&eacute; komunikacji wewn\u0119trznej i organizacji imprez w Renault Polska.<\/p>\n","protected":false},"excerpt":{"rendered":"Kolejny konkurs ma ukaza\u0107 drzemi\u0105cy potencja\u0142 bran\u017cy MICE.","protected":false},"author":1,"featured_media":1735,"comment_status":"open","ping_status":"closed","sticky":false,"template":"","format":"standard","meta":{"csco_display_header_overlay":false,"csco_singular_sidebar":"","csco_page_header_type":"","csco_page_load_nextpost":"","csco_post_video_location":[],"csco_post_video_location_hash":"","csco_post_video_url":"","csco_post_video_bg_start_time":0,"csco_post_video_bg_end_time":0,"footnotes":""},"categories":[9651],"tags":[],"class_list":{"0":"post-1734","1":"post","2":"type-post","3":"status-publish","4":"format-standard","5":"has-post-thumbnail","7":"category-event","8":"cs-entry","9":"cs-video-wrap"},"_links":{"self":[{"href":"https:\/\/mediarun.com\/pl\/wp-json\/wp\/v2\/posts\/1734","targetHints":{"allow":["GET"]}}],"collection":[{"href":"https:\/\/mediarun.com\/pl\/wp-json\/wp\/v2\/posts"}],"about":[{"href":"https:\/\/mediarun.com\/pl\/wp-json\/wp\/v2\/types\/post"}],"author":[{"embeddable":true,"href":"https:\/\/mediarun.com\/pl\/wp-json\/wp\/v2\/users\/1"}],"replies":[{"embeddable":true,"href":"https:\/\/mediarun.com\/pl\/wp-json\/wp\/v2\/comments?post=1734"}],"version-history":[{"count":0,"href":"https:\/\/mediarun.com\/pl\/wp-json\/wp\/v2\/posts\/1734\/revisions"}],"wp:featuredmedia":[{"embeddable":true,"href":"https:\/\/mediarun.com\/pl\/wp-json\/wp\/v2\/media\/1735"}],"wp:attachment":[{"href":"https:\/\/mediarun.com\/pl\/wp-json\/wp\/v2\/media?parent=1734"}],"wp:term":[{"taxonomy":"category","embeddable":true,"href":"https:\/\/mediarun.com\/pl\/wp-json\/wp\/v2\/categories?post=1734"},{"taxonomy":"post_tag","embeddable":true,"href":"https:\/\/mediarun.com\/pl\/wp-json\/wp\/v2\/tags?post=1734"}],"curies":[{"name":"wp","href":"https:\/\/api.w.org\/{rel}","templated":true}]}}